{"id":1467,"date":"2025-06-24T22:29:32","date_gmt":"2025-06-24T22:29:32","guid":{"rendered":"http:\/\/6e014671-e41a-419f-976f-d9e7479697fd"},"modified":"2025-06-24T22:29:32","modified_gmt":"2025-06-24T22:29:32","slug":"bairros-mais-perigosos-de-sobral","status":"publish","type":"post","link":"https:\/\/hdfree.com.br\/perguntaspermanentes\/bairros-mais-perigosos-de-sobral\/","title":{"rendered":"Bairros mais perigosos de sobral"},"content":{"rendered":"\n\n<h2 class=\"wp-block-heading\">Quais s\u00e3o os 10 bairros mais perigosos de Fortaleza?<\/h2>\n\n\n<p>Quais os bairros mais perigosos de Fortaleza segundo a SSPDS?<\/p>\n\n<ul class=\"wp-block-list\">\n<li>Ancuri.<\/li>\n<li>Barroso.<\/li>\n<li>Coa\u00e7u.<\/li>\n<li>Conjunto Palmeiras.<\/li>\n<li>Curi\u00f3<\/li>\n<li>Guajeru.<\/li>\n<li>Jangurussu.<\/li>\n<li>Lagoa Redonda.<\/li>\n<\/ul>\n<div class='article-actions'><span class='report-it'><span class='a' onclick=\"window.open('https:\/\/hdfree.com.br\/perguntaspermanentes\/solicitar-remocao', '_blank')\">Solicita\u00e7\u00e3o de remo\u00e7\u00e3o<\/span><\/span><span class='spacer'>|<\/span><span class='view-url' onclick=\"window.open(reverse('\/azelatrof-ed-sosogirep-siam-sorriab-so-siauq\/rb.moc.acnarugesadahlof\/\/:sptth'), '_blank')\">Veja a resposta completa em folhadaseguranca.com.br<\/span><\/div>\n\n\n\n<h2 class=\"wp-block-heading\">Qual o bairro que tem mais assaltos em Fortaleza?<\/h2>\n\n\n<p><\/p>Vila Velha \u00e9 um dos bairros mais violentos de Fortaleza.<br \/>\n<div class='article-actions'><span class='report-it'><span class='a' onclick=\"window.open('https:\/\/hdfree.com.br\/perguntaspermanentes\/solicitar-remocao', '_blank')\">Solicita\u00e7\u00e3o de remo\u00e7\u00e3o<\/span><\/span><span class='spacer'>|<\/span><span class='view-url' onclick=\"window.open(reverse('\/azelatrof-ed-sosogirep-siam-sorriab-so-siauq\/rb.moc.acnarugesadahlof\/\/:sptth'), '_blank')\">Veja a resposta completa em folhadaseguranca.com.br<\/span><\/div>\n\n\n\n<h2 class=\"wp-block-heading\">Qual a pior favela de Fortaleza?<\/h2>\n\n\n<p><\/p>Pirambu \u00e9 a maior favela do Cear\u00e1 e uma das maiores do Brasil. Originada a partir de migrantes fugindo da seca no Interior, a comunidade resistiu a pol\u00edticas de higieniza\u00e7\u00e3o social e agora luta contra os efeitos devastadores da pandemia.<br \/>\n<div class='article-actions'><span class='report-it'><span class='a' onclick=\"window.open('https:\/\/hdfree.com.br\/perguntaspermanentes\/solicitar-remocao', '_blank')\">Solicita\u00e7\u00e3o de remo\u00e7\u00e3o<\/span><\/span><span class='spacer'>|<\/span><span class='view-url' onclick=\"window.open(reverse('\/azelatrof-ed-sosogirep-siam-sorriab-so-siauq\/rb.moc.acnarugesadahlof\/\/:sptth'), '_blank')\">Veja a resposta completa em folhadaseguranca.com.br<\/span><\/div>\n\n\n\n<h2 class=\"wp-block-heading\">Quais s\u00e3o as zonas de risco em Fortaleza?<\/h2>\n\n\n<p><\/p>Alguns bairros como Barra do Cear\u00e1, Bonsucesso, Granja Portugal, Mucuripe e Passar\u00e9 t\u00eam \u00e1reas de risco com mais de uma amea\u00e7a como, por exemplo, territ\u00f3rios suscet\u00edveis \u00e0 inunda\u00e7\u00e3o e alagamento. O Vicente Pinzon lidera a lista de \u00e1reas de risco com 4 pontos com risco de deslizamento.<br \/>\n<div class='article-actions'><span class='report-it'><span class='a' onclick=\"window.open('https:\/\/hdfree.com.br\/perguntaspermanentes\/solicitar-remocao', '_blank')\">Solicita\u00e7\u00e3o de remo\u00e7\u00e3o<\/span><\/span><span class='spacer'>|<\/span><span class='view-url' onclick=\"window.open(reverse('\/azelatrof-ed-sosogirep-siam-sorriab-so-siauq\/rb.moc.acnarugesadahlof\/\/:sptth'), '_blank')\">Veja a resposta completa em folhadaseguranca.com.br<\/span><\/div>\n\n\n\n<h2 class=\"wp-block-heading\">\u00c9 bom morar em Sobral, Cear\u00e1?<\/h2>\n\nSOBRAL, uma das melhores cidades do Nordeste para estudar e viver com qualidade. Sobral, no norte do Cear\u00e1, \u00e9 uma das cidades que mais se destacam no interior nordestino. Com cerca de 210 mil habitantes, ela \u00e9 reconhecida nacionalmente pelos avan\u00e7os na educa\u00e7\u00e3o p\u00fablica, planejamento urbano e desenvolvimento sustent\u00e1vel &#8230;<br \/>\n<div class='article-actions'><span class='report-it'><span class='a' onclick=\"window.open('https:\/\/hdfree.com.br\/perguntaspermanentes\/solicitar-remocao', '_blank')\">Solicita\u00e7\u00e3o de remo\u00e7\u00e3o<\/span><\/span><span class='spacer'>|<\/span><span class='view-url' onclick=\"window.open(reverse('\/edadilauq-moc-reviv-e-radutse-arap-etsedron-od-sedadic-serohlem-sad-amu-larbos\/71\/50\/5202\/rb.moc.atsivermelarbos\/\/:sptth'), '_blank')\">Veja a resposta completa em sobralemrevista.com.br<\/span><\/div>\n\n\n\n<h2 class=\"wp-block-heading\">Como \u00e9 a vida em Sobral?<\/h2>\n\n\n<p><\/p>\n\n<ul class=\"wp-block-list\">\n<li>Qualidade de vida com urbanismo eficiente<\/li>\n<li> Sobral tem investido constantemente em melhorias urbanas, acessibilidade e infraestrutura. Os bairros s\u00e3o bem distribu\u00eddos, h\u00e1 \u00e1reas verdes, ciclovias, transporte coletivo funcional e pra\u00e7as revitalizadas, o que contribui para uma cidade mais equilibrada e acolhedora.<\/li>\n<\/ul>\n<div class='article-actions'><span class='report-it'><span class='a' onclick=\"window.open('https:\/\/hdfree.com.br\/perguntaspermanentes\/solicitar-remocao', '_blank')\">Solicita\u00e7\u00e3o de remo\u00e7\u00e3o<\/span><\/span><span class='spacer'>|<\/span><span class='view-url' onclick=\"window.open(reverse('\/edadilauq-moc-reviv-e-radutse-arap-etsedron-od-sedadic-serohlem-sad-amu-larbos\/71\/50\/5202\/rb.moc.atsivermelarbos\/\/:sptth'), '_blank')\">Veja a resposta completa em sobralemrevista.com.br<\/span><\/div>\n\n\n\n<h2 class=\"wp-block-heading\">Tem praia em Sobral, CE?<\/h2>\n\n\n<p><\/p>A praia do Sobral \u00e9 um lugar para pratica de surf, com ondas muito forte, tamb\u00e9m \u00e9 uma praia que \u00e9 polu\u00edda e n\u00e3o tem estruturas de bares nem de restaurantes. N\u00e3o recomendo a visita. A praia fica em uma \u00e1rea n\u00e3o muito recomendada para banho, mas \u00e9 bem movimentada no final de semana.<br \/>\n<div class='article-actions'><span class='report-it'><span class='a' onclick=\"window.open('https:\/\/hdfree.com.br\/perguntaspermanentes\/solicitar-remocao', '_blank')\">Solicita\u00e7\u00e3o de remo\u00e7\u00e3o<\/span><\/span><span class='spacer'>|<\/span><span class='view-url' onclick=\"window.open(reverse('\/edadilauq-moc-reviv-e-radutse-arap-etsedron-od-sedadic-serohlem-sad-amu-larbos\/71\/50\/5202\/rb.moc.atsivermelarbos\/\/:sptth'), '_blank')\">Veja a resposta completa em sobralemrevista.com.br<\/span><\/div>\n\n\n\n<h2 class=\"wp-block-heading\">Como \u00e9 a cidade de Sobral?<\/h2>\n\n\n<p><\/p>Sobral \u00e9 um munic\u00edpio brasileiro do estado do Cear\u00e1. \u00c9 a segunda cidade mais importante do estado em termos econ\u00f4micos e culturais seguida por Juazeiro do Norte e Crato. O clima de Sobral \u00e9 tipicamente tropical, quente e seco, com uma temperatura m\u00e9dia de 30 graus cent\u00edgrados e com uma altitude de 69 metros.<br \/>\n<div class='article-actions'><span class='report-it'><span class='a' onclick=\"window.open('https:\/\/hdfree.com.br\/perguntaspermanentes\/solicitar-remocao', '_blank')\">Solicita\u00e7\u00e3o de remo\u00e7\u00e3o<\/span><\/span><span class='spacer'>|<\/span><span class='view-url' onclick=\"window.open(reverse('\/edadilauq-moc-reviv-e-radutse-arap-etsedron-od-sedadic-serohlem-sad-amu-larbos\/71\/50\/5202\/rb.moc.atsivermelarbos\/\/:sptth'), '_blank')\">Veja a resposta completa em sobralemrevista.com.br<\/span><\/div>\n\n\n\n<h2 class=\"wp-block-heading\">Qual a renda per capita de Sobral?<\/h2>\n\n\n<p><\/p>Com esta estrutura, o PIB per capita de Sobral \u00e9 de R$ 25,4 mil, valor superior \u00e0 m\u00e9dia do estado (R$ 21,1 mil), da grande regi\u00e3o de Sobral (R$ 15 mil) e da pequena regi\u00e3o de Sobral (R$ 16,2 mil).<br \/>\n<div class='article-actions'><span class='report-it'><span class='a' onclick=\"window.open('https:\/\/hdfree.com.br\/perguntaspermanentes\/solicitar-remocao', '_blank')\">Solicita\u00e7\u00e3o de remo\u00e7\u00e3o<\/span><\/span><span class='spacer'>|<\/span><span class='view-url' onclick=\"window.open(reverse('\/edadilauq-moc-reviv-e-radutse-arap-etsedron-od-sedadic-serohlem-sad-amu-larbos\/71\/50\/5202\/rb.moc.atsivermelarbos\/\/:sptth'), '_blank')\">Veja a resposta completa em sobralemrevista.com.br<\/span><\/div>\n\n\n\n<h2 class=\"wp-block-heading\">Quantos habitantes tem Sobral atualmente?<\/h2>\n\n\n<p><\/p><p>Munic\u00edpio do Brasil<\/p><table border=\"1\"><tr><td>\u2022 \u00c1rea urbana IBGE\/2019<\/td><td>31,17 km\u00b2<\/td><\/tr><tr><td>Popula\u00e7\u00e3o total (Censo 2022 IBGE)<\/td><td>203 023 hab.<\/td><\/tr><tr><td>\u2022 Posi\u00e7\u00e3o<\/td><td>(CE: 5\u00ba) \u00b7 (NE: 30\u00b0) \u00b7 (BR: 150\u00ba)<\/td><\/tr><\/table><br \/>\n<div class='article-actions'><span class='report-it'><span class='a' onclick=\"window.open('https:\/\/hdfree.com.br\/perguntaspermanentes\/solicitar-remocao', '_blank')\">Solicita\u00e7\u00e3o de remo\u00e7\u00e3o<\/span><\/span><span class='spacer'>|<\/span><span class='view-url' onclick=\"window.open(reverse('\/edadilauq-moc-reviv-e-radutse-arap-etsedron-od-sedadic-serohlem-sad-amu-larbos\/71\/50\/5202\/rb.moc.atsivermelarbos\/\/:sptth'), '_blank')\">Veja a resposta completa em sobralemrevista.com.br<\/span><\/div>\n\n\n\n<h2 class=\"wp-block-heading\">Quem \u00e9 a pessoa mais famosa de Sobral?<\/h2>\n\nRenato Arag\u00e3o &#8211; humorista; St\u00eanio Azevedo &#8211; advogado, jornalista, escritor e homem com forte atua\u00e7\u00e3o no turismo. Nasceu em Sobral, em 1920.<br \/>\n<div class='article-actions'><span class='report-it'><span class='a' onclick=\"window.open('https:\/\/hdfree.com.br\/perguntaspermanentes\/solicitar-remocao', '_blank')\">Solicita\u00e7\u00e3o de remo\u00e7\u00e3o<\/span><\/span><span class='spacer'>|<\/span><span class='view-url' onclick=\"window.open(reverse('airotsih\/edadic-a\/rb.vog.ec.larbos.www\/\/:sptth'), '_blank')\">Veja a resposta completa em www.sobral.ce.gov.br<\/span><\/div>\n\n\n\n<h2 class=\"wp-block-heading\">Quais famosos nasceram em Sobral?<\/h2>\n\n\n<p><\/p>Cap\u00edtulos: Renato Arag\u00e3o, Belchior, Jos\u00e9 Moreira da Rocha, Vicente Alves de Paula Pessoa, Jer\u00f4nimo Tom\u00e9 da Silva, Paulo Lustosa, Jo\u00e3o Tom\u00e9 da Silva, Jocelyn Brasil, Vicente C\u00e2ndido Figueira de Saboia, Cid Gomes, Patr\u00edcia Saboya, Ant\u00f4nio Joaquim Rodrigues J\u00fanior, Florent Amodio, Jos\u00e9 Gentil Alves de Carvalho, Luiz &#8230;<br \/>\n<div class='article-actions'><span class='report-it'><span class='a' onclick=\"window.open('https:\/\/hdfree.com.br\/perguntaspermanentes\/solicitar-remocao', '_blank')\">Solicita\u00e7\u00e3o de remo\u00e7\u00e3o<\/span><\/span><span class='spacer'>|<\/span><span class='view-url' onclick=\"window.open(reverse('airotsih\/edadic-a\/rb.vog.ec.larbos.www\/\/:sptth'), '_blank')\">Veja a resposta completa em www.sobral.ce.gov.br<\/span><\/div>\n\n\n\n<h2 class=\"wp-block-heading\">Quem nasceu em Sobral?<\/h2>\n\n\n<p><\/p>Esta categoria re\u00fane artigos sobre os brasileiros nascidos no munic\u00edpio de Sobral, chamados de sobralenses.<br \/>\n<div class='article-actions'><span class='report-it'><span class='a' onclick=\"window.open('https:\/\/hdfree.com.br\/perguntaspermanentes\/solicitar-remocao', '_blank')\">Solicita\u00e7\u00e3o de remo\u00e7\u00e3o<\/span><\/span><span class='spacer'>|<\/span><span class='view-url' onclick=\"window.open(reverse('airotsih\/edadic-a\/rb.vog.ec.larbos.www\/\/:sptth'), '_blank')\">Veja a resposta completa em www.sobral.ce.gov.br<\/span><\/div>\n\n\n\n<h2 class=\"wp-block-heading\">Qual foi o primeiro nome de Sobral?<\/h2>\n\n\n<p><\/p>\n\n<ul class=\"wp-block-list\">\n<li>Hist\u00f3ria &#8211; Sobral (CE)<\/li>\n<li> da Concei\u00e7\u00e3o. Em 1773, o povoado foi elevado \u00e0 categoria de Vila Distinta e Real de Sobral.<\/li>\n<\/ul>\n<div class='article-actions'><span class='report-it'><span class='a' onclick=\"window.open('https:\/\/hdfree.com.br\/perguntaspermanentes\/solicitar-remocao', '_blank')\">Solicita\u00e7\u00e3o de remo\u00e7\u00e3o<\/span><\/span><span class='spacer'>|<\/span><span class='view-url' onclick=\"window.open(reverse('airotsih\/edadic-a\/rb.vog.ec.larbos.www\/\/:sptth'), '_blank')\">Veja a resposta completa em www.sobral.ce.gov.br<\/span><\/div>\n\n\n\n<h2 class=\"wp-block-heading\">Quais famosos nasceram no Cear\u00e1?<\/h2>\n\n\n<p><\/p>Descubra as personalidades famosas que nasceram no Cear\u00e1, incluindo Avine Vinny, Renato Arag\u00e3o, Tiririca, Tarc\u00edsio do Acordeon, e mais! Hist\u00f3ria e cultura cearense em destaque.<br \/>\n<div class='article-actions'><span class='report-it'><span class='a' onclick=\"window.open('https:\/\/hdfree.com.br\/perguntaspermanentes\/solicitar-remocao', '_blank')\">Solicita\u00e7\u00e3o de remo\u00e7\u00e3o<\/span><\/span><span class='spacer'>|<\/span><span class='view-url' onclick=\"window.open(reverse('airotsih\/edadic-a\/rb.vog.ec.larbos.www\/\/:sptth'), '_blank')\">Veja a resposta completa em www.sobral.ce.gov.br<\/span><\/div>\n\n\n\n<h2 class=\"wp-block-heading\">Qual o maior bairro de Sobral, CE?<\/h2>\n\nThomaz de Arag\u00e3o, no bairro Terrenos Novos, o mais populoso de Sobral, cidade a 231 km de Fortaleza (CE).<br \/>\n<div class='article-actions'><span class='report-it'><span class='a' onclick=\"window.open('https:\/\/hdfree.com.br\/perguntaspermanentes\/solicitar-remocao', '_blank')\">Solicita\u00e7\u00e3o de remo\u00e7\u00e3o<\/span><\/span><span class='spacer'>|<\/span><span class='view-url' onclick=\"window.open(reverse('lmths.opmet-omsem-oa-aicneloiv-e-suriv-moc-madil-serodarom-ec-larbos-ed-osolupop-siam-orriab-me\/larbos\/saimednap-sairav-sad-lisarb-o\/rb.moc.lou.ahlof.samet\/\/:sptth'), '_blank')\">Veja a resposta completa em temas.folha.uol.com.br<\/span><\/div>\n\n\n\n<h2 class=\"wp-block-heading\">Qual o bairro mais populoso de Sobral?<\/h2>\n\n\n<p><\/p>De acordo com o IBGE, restavam 17 distritos em 2022, sendo que o distrito-sede era o mais populoso, contando com 158 848 habitantes, seguido por Jaibaras, com 7 018 moradores.<br \/>\n<div class='article-actions'><span class='report-it'><span class='a' onclick=\"window.open('https:\/\/hdfree.com.br\/perguntaspermanentes\/solicitar-remocao', '_blank')\">Solicita\u00e7\u00e3o de remo\u00e7\u00e3o<\/span><\/span><span class='spacer'>|<\/span><span class='view-url' onclick=\"window.open(reverse('lmths.opmet-omsem-oa-aicneloiv-e-suriv-moc-madil-serodarom-ec-larbos-ed-osolupop-siam-orriab-me\/larbos\/saimednap-sairav-sad-lisarb-o\/rb.moc.lou.ahlof.samet\/\/:sptth'), '_blank')\">Veja a resposta completa em temas.folha.uol.com.br<\/span><\/div>\n\n\n\n<h2 class=\"wp-block-heading\">Qual \u00e9 o maior bairro da nossa cidade?<\/h2>\n\n\n<p><\/p>Graja\u00fa, em S\u00e3o Paulo.<br \/>\n<div class='article-actions'><span class='report-it'><span class='a' onclick=\"window.open('https:\/\/hdfree.com.br\/perguntaspermanentes\/solicitar-remocao', '_blank')\">Solicita\u00e7\u00e3o de remo\u00e7\u00e3o<\/span><\/span><span class='spacer'>|<\/span><span class='view-url' onclick=\"window.open(reverse('lmths.opmet-omsem-oa-aicneloiv-e-suriv-moc-madil-serodarom-ec-larbos-ed-osolupop-siam-orriab-me\/larbos\/saimednap-sairav-sad-lisarb-o\/rb.moc.lou.ahlof.samet\/\/:sptth'), '_blank')\">Veja a resposta completa em temas.folha.uol.com.br<\/span><\/div>\n\n\n\n<h2 class=\"wp-block-heading\">Qual o maior bairro em popula\u00e7\u00e3o?<\/h2>\n\n\n<p><\/p>O Graja\u00fa, localizado na zona Sul, \u00e9 o bairro mais populoso da capital, de acordo com o levantamento INFOCIDADE da Prefeitura de S\u00e3o Paulo.<br \/>\n<div class='article-actions'><span class='report-it'><span class='a' onclick=\"window.open('https:\/\/hdfree.com.br\/perguntaspermanentes\/solicitar-remocao', '_blank')\">Solicita\u00e7\u00e3o de remo\u00e7\u00e3o<\/span><\/span><span class='spacer'>|<\/span><span class='view-url' onclick=\"window.open(reverse('lmths.opmet-omsem-oa-aicneloiv-e-suriv-moc-madil-serodarom-ec-larbos-ed-osolupop-siam-orriab-me\/larbos\/saimednap-sairav-sad-lisarb-o\/rb.moc.lou.ahlof.samet\/\/:sptth'), '_blank')\">Veja a resposta completa em temas.folha.uol.com.br<\/span><\/div>\n\n\n\n<h2 class=\"wp-block-heading\">Quais s\u00e3o os nomes dos bairros de Sobral?<\/h2>\n\n\n<p><\/p>\n\n<ul class=\"wp-block-list\">\n<li>Alto da Bras\u00edlia;<\/li>\n<li>Alto do Cristo;<\/li>\n<li>Ant\u00f4nio Carlos Belchior;<\/li>\n<li>Bet\u00e2nia;<\/li>\n<li>Campo dos Velhos; ( Parque Alvorada)<\/li>\n<li>Centro;<\/li>\n<li>Cidade Dr. Jos\u00e9 Euclides Ferreira Gomes (Terrenos Novos);<\/li>\n<li>Cidade Pedro Mendes Carneiro; (Cohab III)<\/li>\n<\/ul>\n<div class='article-actions'><span class='report-it'><span class='a' onclick=\"window.open('https:\/\/hdfree.com.br\/perguntaspermanentes\/solicitar-remocao', '_blank')\">Solicita\u00e7\u00e3o de remo\u00e7\u00e3o<\/span><\/span><span class='spacer'>|<\/span><span class='view-url' onclick=\"window.open(reverse('lmths.opmet-omsem-oa-aicneloiv-e-suriv-moc-madil-serodarom-ec-larbos-ed-osolupop-siam-orriab-me\/larbos\/saimednap-sairav-sad-lisarb-o\/rb.moc.lou.ahlof.samet\/\/:sptth'), '_blank')\">Veja a resposta completa em temas.folha.uol.com.br<\/span><\/div>\n\n\n\n<h2 class=\"wp-block-heading\">Quais s\u00e3o os bairros menos perigosos?<\/h2>\n\n\n<p>Ranking da Seguran\u00e7a P\u00fablica de S\u00e3o Paulo<\/p><p>Ranking | Distrito Policial | Nota geral<\/p><table border=\"1\"><tr><td>1\u00ba<\/td><td>81\u00ba DP &#8211; Bel\u00e9m<\/td><td>8,92<\/td><\/tr><tr><td>2\u00ba<\/td><td>67\u00ba DP &#8211; Jardim Robru<\/td><td>8,45<\/td><\/tr><tr><td>3\u00ba<\/td><td>2\u00ba DP &#8211; Bom Retiro<\/td><td>8,22<\/td><\/tr><tr><td>4\u00ba<\/td><td>19\u00ba DP &#8211; Vila Maria<\/td><td>8,09<\/td><\/tr><\/table><br \/>\n<div class='article-actions'><span class='report-it'><span class='a' onclick=\"window.open('https:\/\/hdfree.com.br\/perguntaspermanentes\/solicitar-remocao', '_blank')\">Solicita\u00e7\u00e3o de remo\u00e7\u00e3o<\/span><\/span><span class='spacer'>|<\/span><span class='view-url' onclick=\"window.open(reverse('\/oluap-oas-ed-sotneloiv-siam-so-e-soruges-siam-sorriab-so-oas-siauq\/saiedi\/rb.moc.ovopodatezag.www\/\/:sptth'), '_blank')\">Veja a resposta completa em www.gazetadopovo.com.br<\/span><\/div>\n\n\n\n<h2 class=\"wp-block-heading\">Qual o bairro menos perigoso?<\/h2>\n\n\n<p><\/p>O Bairro Cidade Alpha est\u00e1 entre os bairros mais seguros do Brasil, localizado na cidade de Eus\u00e9bio (CE), \u00e9 considerado um dos mais seguros da regi\u00e3o. Segundo dados oficiais de 2019, a taxa de assaltos e homic\u00eddios na regi\u00e3o foi de apenas 8%.<br \/>\n<div class='article-actions'><span class='report-it'><span class='a' onclick=\"window.open('https:\/\/hdfree.com.br\/perguntaspermanentes\/solicitar-remocao', '_blank')\">Solicita\u00e7\u00e3o de remo\u00e7\u00e3o<\/span><\/span><span class='spacer'>|<\/span><span class='view-url' onclick=\"window.open(reverse('\/oluap-oas-ed-sotneloiv-siam-so-e-soruges-siam-sorriab-so-oas-siauq\/saiedi\/rb.moc.ovopodatezag.www\/\/:sptth'), '_blank')\">Veja a resposta completa em www.gazetadopovo.com.br<\/span><\/div>\n\n\n\n<h2 class=\"wp-block-heading\">Quais s\u00e3o os bairros mais seguros?<\/h2>\n\n\n<p><\/p>\n\n<ul class=\"wp-block-list\">\n<li>Vila Madalena. &#8230;<\/li>\n<li>Itaim Bibi. &#8230;<\/li>\n<li>Vila Ipojuca. &#8230;<\/li>\n<li>Moema. &#8230;<\/li>\n<li>Higien\u00f3polis. &#8230;<\/li>\n<li>Vila Mariana. &#8230;<\/li>\n<li>Alto de Pinheiros. Alto de Pinheiros \u00e9 um dos bairros mais verdes e tranquilos de S\u00e3o Paulo. &#8230;<\/li>\n<li>Jardins. \u200b\u200bO Jardins \u00e9 um bairro sofisticado e seguro, localizado pr\u00f3ximo \u00e0 Av.<\/li>\n<\/ul>\n<div class='article-actions'><span class='report-it'><span class='a' onclick=\"window.open('https:\/\/hdfree.com.br\/perguntaspermanentes\/solicitar-remocao', '_blank')\">Solicita\u00e7\u00e3o de remo\u00e7\u00e3o<\/span><\/span><span class='spacer'>|<\/span><span class='view-url' onclick=\"window.open(reverse('\/oluap-oas-ed-sotneloiv-siam-so-e-soruges-siam-sorriab-so-oas-siauq\/saiedi\/rb.moc.ovopodatezag.www\/\/:sptth'), '_blank')\">Veja a resposta completa em www.gazetadopovo.com.br<\/span><\/div>\n\n\n\n<h2 class=\"wp-block-heading\">Quais s\u00e3o os bairros menos violentos de S\u00e3o Paulo?<\/h2>\n\n\n<p><\/p>\n\n<ul class=\"wp-block-list\">\n<li>Itaim Bibi.<\/li>\n<li>Jardim Paulista. &#8230;<\/li>\n<li>Perdizes. &#8230;<\/li>\n<li>Pinheiros. &#8230;<\/li>\n<li>Bela Vista. &#8230;<\/li>\n<li>Cambuci. &#8230;<\/li>\n<li>Campo Belo. &#8230;<\/li>\n<li>Higien\u00f3polis. Higien\u00f3polis \u00e9 um dos bairros mais tradicionais de S\u00e3o Paulo, com uma hist\u00f3ria que se entrela\u00e7a com o desenvolvimento da pr\u00f3pria cidade. &#8230;<\/li>\n<\/ul>\n<div class='article-actions'><span class='report-it'><span class='a' onclick=\"window.open('https:\/\/hdfree.com.br\/perguntaspermanentes\/solicitar-remocao', '_blank')\">Solicita\u00e7\u00e3o de remo\u00e7\u00e3o<\/span><\/span><span class='spacer'>|<\/span><span class='view-url' onclick=\"window.open(reverse('\/oluap-oas-ed-sotneloiv-siam-so-e-soruges-siam-sorriab-so-oas-siauq\/saiedi\/rb.moc.ovopodatezag.www\/\/:sptth'), '_blank')\">Veja a resposta completa em www.gazetadopovo.com.br<\/span><\/div>\n\n\n\n<h2 class=\"wp-block-heading\">Qual \u00e9 o bairro mais violento?<\/h2>\n\n\n<p><\/p>O bairro do Cap\u00e3o Redondo, na Zona Sul, foi o que mais sofreu com assaltos no ano passado, com 4.016 registros, uma m\u00e9dia superior a dez roubos por dia. No entanto, o n\u00famero \u00e9 menor do que em 2023, que contabilizou 4.926 casos. Al\u00e9m de Cap\u00e3o Redondo, est\u00e3o entre os dez bairros com mais assaltos em 2024: Cap\u00e3o Redondo.<br \/>\n<div class='article-actions'><span class='report-it'><span class='a' onclick=\"window.open('https:\/\/hdfree.com.br\/perguntaspermanentes\/solicitar-remocao', '_blank')\">Solicita\u00e7\u00e3o de remo\u00e7\u00e3o<\/span><\/span><span class='spacer'>|<\/span><span class='view-url' onclick=\"window.open(reverse('\/oluap-oas-ed-sotneloiv-siam-so-e-soruges-siam-sorriab-so-oas-siauq\/saiedi\/rb.moc.ovopodatezag.www\/\/:sptth'), '_blank')\">Veja a resposta completa em www.gazetadopovo.com.br<\/span><\/div>\n\n\n\n<h2 class=\"wp-block-heading\">Qual \u00e9 o bairro mais tranquilo?<\/h2>\n\n\n<p><\/p>\n\n<ul class=\"wp-block-list\">\n<li>Alto de Pinheiros. Alto de Pinheiros \u00e9 um dos bairros mais charmosos e tranquilos da Zona Oeste de S\u00e3o Paulo. &#8230;<\/li>\n<li>Ipiranga. O Ipiranga \u00e9 um bairro hist\u00f3rico que combina tranquilidade com a cultura. &#8230;<\/li>\n<li>Campo Belo. &#8230;<\/li>\n<li>Vila Mariana. &#8230;<\/li>\n<li>Itaim Bibi. &#8230;<\/li>\n<li>Moema. &#8230;<\/li>\n<li>Jardim Europa. &#8230;<\/li>\n<li>Brooklin.<\/li>\n<\/ul>\n<div class='article-actions'><span class='report-it'><span class='a' onclick=\"window.open('https:\/\/hdfree.com.br\/perguntaspermanentes\/solicitar-remocao', '_blank')\">Solicita\u00e7\u00e3o de remo\u00e7\u00e3o<\/span><\/span><span class='spacer'>|<\/span><span class='view-url' onclick=\"window.open(reverse('\/oluap-oas-ed-sotneloiv-siam-so-e-soruges-siam-sorriab-so-oas-siauq\/saiedi\/rb.moc.ovopodatezag.www\/\/:sptth'), '_blank')\">Veja a resposta completa em www.gazetadopovo.com.br<\/span><\/div>\n\n\n\n<h2 class=\"wp-block-heading\">Qual \u00e9 o bairro mais pobre de Fortaleza?<\/h2>\n\nJ\u00e1 os dez bairros com menor renda m\u00e9dia pessoal s\u00e3o: Conjunto Palmeiras, Parque Presidente Vargas, Canindezinho, Siqueira, Genibau, Granja Portugal, Piramb\u00fa, Granja Lisboa, Autran Nunes, e Bom Jardim.<br \/>\n<div class='article-actions'><span class='report-it'><span class='a' onclick=\"window.open('https:\/\/hdfree.com.br\/perguntaspermanentes\/solicitar-remocao', '_blank')\">Solicita\u00e7\u00e3o de remo\u00e7\u00e3o<\/span><\/span><span class='spacer'>|<\/span><span class='view-url' onclick=\"window.open(reverse('fdp.2102_orbutuo_24_emrofnI_ecepI\/90\/8102\/54\/setis\/sdaolpu\/tnetnoc-pw\/rb.vog.ec.ecepi.www\/\/:sptth'), '_blank')\">Veja a resposta completa em www.ipece.ce.gov.br<\/span><\/div>\n\n\n\n<h2 class=\"wp-block-heading\">Quais s\u00e3o os bairros mais pobres de Fortaleza?<\/h2>\n\n\n<p><\/p>J\u00e1 os dez bairros com menor renda m\u00e9dia pessoal s\u00e3o: Conjunto Palmeiras, Parque Presidente Vargas, Canindezinho, Siqueira, Genibau, Granja Portugal, Piramb\u00fa, Granja Lisboa, Autran Nunes, e Bom Jardim.<br \/>\n<div class='article-actions'><span class='report-it'><span class='a' onclick=\"window.open('https:\/\/hdfree.com.br\/perguntaspermanentes\/solicitar-remocao', '_blank')\">Solicita\u00e7\u00e3o de remo\u00e7\u00e3o<\/span><\/span><span class='spacer'>|<\/span><span class='view-url' onclick=\"window.open(reverse('fdp.2102_orbutuo_24_emrofnI_ecepI\/90\/8102\/54\/setis\/sdaolpu\/tnetnoc-pw\/rb.vog.ec.ecepi.www\/\/:sptth'), '_blank')\">Veja a resposta completa em www.ipece.ce.gov.br<\/span><\/div>\n\n\n\n<h2 class=\"wp-block-heading\">Qual \u00e9 o bairro mais violento de Fortaleza?<\/h2>\n\n\n<p><\/p>\n\n<ul class=\"wp-block-list\">\n<li>Ancuri.<\/li>\n<li>Barroso.<\/li>\n<li>Coa\u00e7u.<\/li>\n<li>Conjunto Palmeiras.<\/li>\n<li>Curi\u00f3<\/li>\n<li>Guajeru.<\/li>\n<li>Jangurussu.<\/li>\n<li>Lagoa Redonda.<\/li>\n<\/ul>\n<div class='article-actions'><span class='report-it'><span class='a' onclick=\"window.open('https:\/\/hdfree.com.br\/perguntaspermanentes\/solicitar-remocao', '_blank')\">Solicita\u00e7\u00e3o de remo\u00e7\u00e3o<\/span><\/span><span class='spacer'>|<\/span><span class='view-url' onclick=\"window.open(reverse('fdp.2102_orbutuo_24_emrofnI_ecepI\/90\/8102\/54\/setis\/sdaolpu\/tnetnoc-pw\/rb.vog.ec.ecepi.www\/\/:sptth'), '_blank')\">Veja a resposta completa em www.ipece.ce.gov.br<\/span><\/div>\n\n\n\n<h2 class=\"wp-block-heading\">Qual o bairro mais barato em Fortaleza?<\/h2>\n\n\n<p><\/p>Quais os bairros t\u00eam im\u00f3veis mais baratos? Cajazeiras, Montese, Barroso e Papicu &#8211; que tamb\u00e9m possui im\u00f3veis mais caros &#8211; est\u00e3o entre os bairros de Fortaleza que concentram an\u00fancios de im\u00f3veis com os menores pre\u00e7os. Messejana e Sapiranga tamb\u00e9m est\u00e3o entre as regi\u00f5es mais econ\u00f4micas para morar.<br \/>\n<div class='article-actions'><span class='report-it'><span class='a' onclick=\"window.open('https:\/\/hdfree.com.br\/perguntaspermanentes\/solicitar-remocao', '_blank')\">Solicita\u00e7\u00e3o de remo\u00e7\u00e3o<\/span><\/span><span class='spacer'>|<\/span><span class='view-url' onclick=\"window.open(reverse('fdp.2102_orbutuo_24_emrofnI_ecepI\/90\/8102\/54\/setis\/sdaolpu\/tnetnoc-pw\/rb.vog.ec.ecepi.www\/\/:sptth'), '_blank')\">Veja a resposta completa em www.ipece.ce.gov.br<\/span><\/div>\n\n\n\n<h2 class=\"wp-block-heading\">Qual o bairro mais pobre do Cear\u00e1?<\/h2>\n\n\n<p><\/p>Compreendida pelas cidades de Ipu, Ipueiras, Poranga, Pires Ferreira, Varjota e Reriutaba, a microrregi\u00e3o de Ipu tem 24,29% da popula\u00e7\u00e3o considerada extremamente pobre, o que corresponde a mais de 9 mil pessoas, sendo a maioria residente na zona rural.<br \/>\n<div class='article-actions'><span class='report-it'><span class='a' onclick=\"window.open('https:\/\/hdfree.com.br\/perguntaspermanentes\/solicitar-remocao', '_blank')\">Solicita\u00e7\u00e3o de remo\u00e7\u00e3o<\/span><\/span><span class='spacer'>|<\/span><span class='view-url' onclick=\"window.open(reverse('fdp.2102_orbutuo_24_emrofnI_ecepI\/90\/8102\/54\/setis\/sdaolpu\/tnetnoc-pw\/rb.vog.ec.ecepi.www\/\/:sptth'), '_blank')\">Veja a resposta completa em www.ipece.ce.gov.br<\/span><\/div>\n\n\n\n<h2 class=\"wp-block-heading\">Quais s\u00e3o as favelas de Fortaleza?<\/h2>\n\n\n<p><\/p><p>LOCALIDADE | BAIRRO | SER<\/p><table border=\"1\"><tr><td>FAROL<\/td><td>CAIS DO PORTO<\/td><td>CORES II<\/td><\/tr><tr><td>FATIMA<\/td><td>FATIMA<\/td><td>CORES IV<\/td><\/tr><tr><td>FAVELA DO SOSSEGO<\/td><td>ANTONIO BEZERRA<\/td><td>CORES III<\/td><\/tr><tr><td>FAVELA DO TRILHO<\/td><td>ALDEOTA<\/td><td>CORES II<\/td><\/tr><\/table><br \/>\n<div class='article-actions'><span class='report-it'><span class='a' onclick=\"window.open('https:\/\/hdfree.com.br\/perguntaspermanentes\/solicitar-remocao', '_blank')\">Solicita\u00e7\u00e3o de remo\u00e7\u00e3o<\/span><\/span><span class='spacer'>|<\/span><span class='view-url' onclick=\"window.open(reverse('fdp.2102_orbutuo_24_emrofnI_ecepI\/90\/8102\/54\/setis\/sdaolpu\/tnetnoc-pw\/rb.vog.ec.ecepi.www\/\/:sptth'), '_blank')\">Veja a resposta completa em www.ipece.ce.gov.br<\/span><\/div>\n\n","protected":false},"excerpt":{"rendered":"<p>Quais s\u00e3o os 10 bairros mais perigosos de Fortaleza? Quais os bairros mais perigosos de Fortaleza segundo a SSPDS? Qual o bairro que tem mais &#8230;. <\/p>\n","protected":false},"author":1,"featured_media":0,"comment_status":"open","ping_status":"closed","sticky":false,"template":"","format":"standard","meta":{"footnotes":""},"categories":[2],"tags":[],"class_list":["post-1467","post","type-post","status-publish","format-standard","hentry","category-perguntas-frequentes"],"yoast_head":"<!-- This site is optimized with the Yoast SEO plugin v25.3.1 - https:\/\/yoast.com\/wordpress\/plugins\/seo\/ -->\n<title>Bairros mais perigosos de sobral - H\u00e1bito Di\u00e1rio Free<\/title>\n<meta name=\"robots\" content=\"index, follow, max-snippet:-1, max-image-preview:large, max-video-preview:-1\" \/>\n<link rel=\"canonical\" href=\"https:\/\/hdfree.com.br\/perguntaspermanentes\/bairros-mais-perigosos-de-sobral\/\" \/>\n<meta property=\"og:locale\" content=\"pt_BR\" \/>\n<meta property=\"og:type\" content=\"article\" \/>\n<meta property=\"og:title\" content=\"Bairros mais perigosos de sobral - H\u00e1bito Di\u00e1rio Free\" \/>\n<meta property=\"og:description\" content=\"Quais s\u00e3o os 10 bairros mais perigosos de Fortaleza? Quais os bairros mais perigosos de Fortaleza segundo a SSPDS? Qual o bairro que tem mais ....\" \/>\n<meta property=\"og:url\" content=\"https:\/\/hdfree.com.br\/perguntaspermanentes\/bairros-mais-perigosos-de-sobral\/\" \/>\n<meta property=\"og:site_name\" content=\"H\u00e1bito Di\u00e1rio Free\" \/>\n<meta property=\"article:published_time\" content=\"2025-06-24T22:29:32+00:00\" \/>\n<meta name=\"author\" content=\"hdfree\" \/>\n<meta name=\"twitter:card\" content=\"summary_large_image\" \/>\n<meta name=\"twitter:label1\" content=\"Escrito por\" \/>\n\t<meta name=\"twitter:data1\" content=\"hdfree\" \/>\n\t<meta name=\"twitter:label2\" content=\"Est. tempo de leitura\" \/>\n\t<meta name=\"twitter:data2\" content=\"8 minutos\" \/>\n<script type=\"application\/ld+json\" class=\"yoast-schema-graph\">{\"@context\":\"https:\/\/schema.org\",\"@graph\":[{\"@type\":\"Article\",\"@id\":\"https:\/\/hdfree.com.br\/perguntaspermanentes\/bairros-mais-perigosos-de-sobral\/#article\",\"isPartOf\":{\"@id\":\"https:\/\/hdfree.com.br\/perguntaspermanentes\/bairros-mais-perigosos-de-sobral\/\"},\"author\":{\"name\":\"hdfree\",\"@id\":\"https:\/\/hdfree.com.br\/perguntaspermanentes\/#\/schema\/person\/197b7141929b08ba869e2f3980fb6183\"},\"headline\":\"Bairros mais perigosos de sobral\",\"datePublished\":\"2025-06-24T22:29:32+00:00\",\"mainEntityOfPage\":{\"@id\":\"https:\/\/hdfree.com.br\/perguntaspermanentes\/bairros-mais-perigosos-de-sobral\/\"},\"wordCount\":1624,\"commentCount\":0,\"publisher\":{\"@id\":\"https:\/\/hdfree.com.br\/perguntaspermanentes\/#organization\"},\"articleSection\":[\"Perguntas Frequentes\"],\"inLanguage\":\"pt-BR\",\"potentialAction\":[{\"@type\":\"CommentAction\",\"name\":\"Comment\",\"target\":[\"https:\/\/hdfree.com.br\/perguntaspermanentes\/bairros-mais-perigosos-de-sobral\/#respond\"]}]},{\"@type\":\"WebPage\",\"@id\":\"https:\/\/hdfree.com.br\/perguntaspermanentes\/bairros-mais-perigosos-de-sobral\/\",\"url\":\"https:\/\/hdfree.com.br\/perguntaspermanentes\/bairros-mais-perigosos-de-sobral\/\",\"name\":\"Bairros mais perigosos de sobral - H\u00e1bito Di\u00e1rio Free\",\"isPartOf\":{\"@id\":\"https:\/\/hdfree.com.br\/perguntaspermanentes\/#website\"},\"datePublished\":\"2025-06-24T22:29:32+00:00\",\"breadcrumb\":{\"@id\":\"https:\/\/hdfree.com.br\/perguntaspermanentes\/bairros-mais-perigosos-de-sobral\/#breadcrumb\"},\"inLanguage\":\"pt-BR\",\"potentialAction\":[{\"@type\":\"ReadAction\",\"target\":[\"https:\/\/hdfree.com.br\/perguntaspermanentes\/bairros-mais-perigosos-de-sobral\/\"]}]},{\"@type\":\"BreadcrumbList\",\"@id\":\"https:\/\/hdfree.com.br\/perguntaspermanentes\/bairros-mais-perigosos-de-sobral\/#breadcrumb\",\"itemListElement\":[{\"@type\":\"ListItem\",\"position\":1,\"name\":\"In\u00edcio\",\"item\":\"https:\/\/hdfree.com.br\/perguntaspermanentes\/\"},{\"@type\":\"ListItem\",\"position\":2,\"name\":\"Bairros mais perigosos de sobral\"}]},{\"@type\":\"WebSite\",\"@id\":\"https:\/\/hdfree.com.br\/perguntaspermanentes\/#website\",\"url\":\"https:\/\/hdfree.com.br\/perguntaspermanentes\/\",\"name\":\"H\u00e1bito Di\u00e1rio Free\",\"description\":\"Seu site de Not\u00edcias na Web\",\"publisher\":{\"@id\":\"https:\/\/hdfree.com.br\/perguntaspermanentes\/#organization\"},\"potentialAction\":[{\"@type\":\"SearchAction\",\"target\":{\"@type\":\"EntryPoint\",\"urlTemplate\":\"https:\/\/hdfree.com.br\/perguntaspermanentes\/?s={search_term_string}\"},\"query-input\":{\"@type\":\"PropertyValueSpecification\",\"valueRequired\":true,\"valueName\":\"search_term_string\"}}],\"inLanguage\":\"pt-BR\"},{\"@type\":\"Organization\",\"@id\":\"https:\/\/hdfree.com.br\/perguntaspermanentes\/#organization\",\"name\":\"H\u00e1bito Di\u00e1rio Free\",\"url\":\"https:\/\/hdfree.com.br\/perguntaspermanentes\/\",\"logo\":{\"@type\":\"ImageObject\",\"inLanguage\":\"pt-BR\",\"@id\":\"https:\/\/hdfree.com.br\/perguntaspermanentes\/#\/schema\/logo\/image\/\",\"url\":\"https:\/\/hdfree.com.br\/perguntaspermanentes\/wp-content\/uploads\/2025\/04\/cropped-logo-free-HD-2.png\",\"contentUrl\":\"https:\/\/hdfree.com.br\/perguntaspermanentes\/wp-content\/uploads\/2025\/04\/cropped-logo-free-HD-2.png\",\"width\":100,\"height\":40,\"caption\":\"H\u00e1bito Di\u00e1rio Free\"},\"image\":{\"@id\":\"https:\/\/hdfree.com.br\/perguntaspermanentes\/#\/schema\/logo\/image\/\"}},{\"@type\":\"Person\",\"@id\":\"https:\/\/hdfree.com.br\/perguntaspermanentes\/#\/schema\/person\/197b7141929b08ba869e2f3980fb6183\",\"name\":\"hdfree\",\"image\":{\"@type\":\"ImageObject\",\"inLanguage\":\"pt-BR\",\"@id\":\"https:\/\/hdfree.com.br\/perguntaspermanentes\/#\/schema\/person\/image\/\",\"url\":\"https:\/\/secure.gravatar.com\/avatar\/53f64a45a0f4fb6857828ea1ee008ce7922570a4c314f6530bf0e3dfb8dfbe1d?s=96&d=mm&r=g\",\"contentUrl\":\"https:\/\/secure.gravatar.com\/avatar\/53f64a45a0f4fb6857828ea1ee008ce7922570a4c314f6530bf0e3dfb8dfbe1d?s=96&d=mm&r=g\",\"caption\":\"hdfree\"},\"sameAs\":[\"https:\/\/hdfree.com.br\/perguntaspermanentes\"],\"url\":\"https:\/\/hdfree.com.br\/perguntaspermanentes\/author\/hdfree\/\"}]}<\/script>\n<!-- \/ Yoast SEO plugin. -->","yoast_head_json":{"title":"Bairros mais perigosos de sobral - H\u00e1bito Di\u00e1rio Free","robots":{"index":"index","follow":"follow","max-snippet":"max-snippet:-1","max-image-preview":"max-image-preview:large","max-video-preview":"max-video-preview:-1"},"canonical":"https:\/\/hdfree.com.br\/perguntaspermanentes\/bairros-mais-perigosos-de-sobral\/","og_locale":"pt_BR","og_type":"article","og_title":"Bairros mais perigosos de sobral - H\u00e1bito Di\u00e1rio Free","og_description":"Quais s\u00e3o os 10 bairros mais perigosos de Fortaleza? Quais os bairros mais perigosos de Fortaleza segundo a SSPDS? Qual o bairro que tem mais ....","og_url":"https:\/\/hdfree.com.br\/perguntaspermanentes\/bairros-mais-perigosos-de-sobral\/","og_site_name":"H\u00e1bito Di\u00e1rio Free","article_published_time":"2025-06-24T22:29:32+00:00","author":"hdfree","twitter_card":"summary_large_image","twitter_misc":{"Escrito por":"hdfree","Est. tempo de leitura":"8 minutos"},"schema":{"@context":"https:\/\/schema.org","@graph":[{"@type":"Article","@id":"https:\/\/hdfree.com.br\/perguntaspermanentes\/bairros-mais-perigosos-de-sobral\/#article","isPartOf":{"@id":"https:\/\/hdfree.com.br\/perguntaspermanentes\/bairros-mais-perigosos-de-sobral\/"},"author":{"name":"hdfree","@id":"https:\/\/hdfree.com.br\/perguntaspermanentes\/#\/schema\/person\/197b7141929b08ba869e2f3980fb6183"},"headline":"Bairros mais perigosos de sobral","datePublished":"2025-06-24T22:29:32+00:00","mainEntityOfPage":{"@id":"https:\/\/hdfree.com.br\/perguntaspermanentes\/bairros-mais-perigosos-de-sobral\/"},"wordCount":1624,"commentCount":0,"publisher":{"@id":"https:\/\/hdfree.com.br\/perguntaspermanentes\/#organization"},"articleSection":["Perguntas Frequentes"],"inLanguage":"pt-BR","potentialAction":[{"@type":"CommentAction","name":"Comment","target":["https:\/\/hdfree.com.br\/perguntaspermanentes\/bairros-mais-perigosos-de-sobral\/#respond"]}]},{"@type":"WebPage","@id":"https:\/\/hdfree.com.br\/perguntaspermanentes\/bairros-mais-perigosos-de-sobral\/","url":"https:\/\/hdfree.com.br\/perguntaspermanentes\/bairros-mais-perigosos-de-sobral\/","name":"Bairros mais perigosos de sobral - H\u00e1bito Di\u00e1rio Free","isPartOf":{"@id":"https:\/\/hdfree.com.br\/perguntaspermanentes\/#website"},"datePublished":"2025-06-24T22:29:32+00:00","breadcrumb":{"@id":"https:\/\/hdfree.com.br\/perguntaspermanentes\/bairros-mais-perigosos-de-sobral\/#breadcrumb"},"inLanguage":"pt-BR","potentialAction":[{"@type":"ReadAction","target":["https:\/\/hdfree.com.br\/perguntaspermanentes\/bairros-mais-perigosos-de-sobral\/"]}]},{"@type":"BreadcrumbList","@id":"https:\/\/hdfree.com.br\/perguntaspermanentes\/bairros-mais-perigosos-de-sobral\/#breadcrumb","itemListElement":[{"@type":"ListItem","position":1,"name":"In\u00edcio","item":"https:\/\/hdfree.com.br\/perguntaspermanentes\/"},{"@type":"ListItem","position":2,"name":"Bairros mais perigosos de sobral"}]},{"@type":"WebSite","@id":"https:\/\/hdfree.com.br\/perguntaspermanentes\/#website","url":"https:\/\/hdfree.com.br\/perguntaspermanentes\/","name":"H\u00e1bito Di\u00e1rio Free","description":"Seu site de Not\u00edcias na Web","publisher":{"@id":"https:\/\/hdfree.com.br\/perguntaspermanentes\/#organization"},"potentialAction":[{"@type":"SearchAction","target":{"@type":"EntryPoint","urlTemplate":"https:\/\/hdfree.com.br\/perguntaspermanentes\/?s={search_term_string}"},"query-input":{"@type":"PropertyValueSpecification","valueRequired":true,"valueName":"search_term_string"}}],"inLanguage":"pt-BR"},{"@type":"Organization","@id":"https:\/\/hdfree.com.br\/perguntaspermanentes\/#organization","name":"H\u00e1bito Di\u00e1rio Free","url":"https:\/\/hdfree.com.br\/perguntaspermanentes\/","logo":{"@type":"ImageObject","inLanguage":"pt-BR","@id":"https:\/\/hdfree.com.br\/perguntaspermanentes\/#\/schema\/logo\/image\/","url":"https:\/\/hdfree.com.br\/perguntaspermanentes\/wp-content\/uploads\/2025\/04\/cropped-logo-free-HD-2.png","contentUrl":"https:\/\/hdfree.com.br\/perguntaspermanentes\/wp-content\/uploads\/2025\/04\/cropped-logo-free-HD-2.png","width":100,"height":40,"caption":"H\u00e1bito Di\u00e1rio Free"},"image":{"@id":"https:\/\/hdfree.com.br\/perguntaspermanentes\/#\/schema\/logo\/image\/"}},{"@type":"Person","@id":"https:\/\/hdfree.com.br\/perguntaspermanentes\/#\/schema\/person\/197b7141929b08ba869e2f3980fb6183","name":"hdfree","image":{"@type":"ImageObject","inLanguage":"pt-BR","@id":"https:\/\/hdfree.com.br\/perguntaspermanentes\/#\/schema\/person\/image\/","url":"https:\/\/secure.gravatar.com\/avatar\/53f64a45a0f4fb6857828ea1ee008ce7922570a4c314f6530bf0e3dfb8dfbe1d?s=96&d=mm&r=g","contentUrl":"https:\/\/secure.gravatar.com\/avatar\/53f64a45a0f4fb6857828ea1ee008ce7922570a4c314f6530bf0e3dfb8dfbe1d?s=96&d=mm&r=g","caption":"hdfree"},"sameAs":["https:\/\/hdfree.com.br\/perguntaspermanentes"],"url":"https:\/\/hdfree.com.br\/perguntaspermanentes\/author\/hdfree\/"}]}},"_links":{"self":[{"href":"https:\/\/hdfree.com.br\/perguntaspermanentes\/wp-json\/wp\/v2\/posts\/1467","targetHints":{"allow":["GET"]}}],"collection":[{"href":"https:\/\/hdfree.com.br\/perguntaspermanentes\/wp-json\/wp\/v2\/posts"}],"about":[{"href":"https:\/\/hdfree.com.br\/perguntaspermanentes\/wp-json\/wp\/v2\/types\/post"}],"author":[{"embeddable":true,"href":"https:\/\/hdfree.com.br\/perguntaspermanentes\/wp-json\/wp\/v2\/users\/1"}],"replies":[{"embeddable":true,"href":"https:\/\/hdfree.com.br\/perguntaspermanentes\/wp-json\/wp\/v2\/comments?post=1467"}],"version-history":[{"count":1,"href":"https:\/\/hdfree.com.br\/perguntaspermanentes\/wp-json\/wp\/v2\/posts\/1467\/revisions"}],"predecessor-version":[{"id":1468,"href":"https:\/\/hdfree.com.br\/perguntaspermanentes\/wp-json\/wp\/v2\/posts\/1467\/revisions\/1468"}],"wp:attachment":[{"href":"https:\/\/hdfree.com.br\/perguntaspermanentes\/wp-json\/wp\/v2\/media?parent=1467"}],"wp:term":[{"taxonomy":"category","embeddable":true,"href":"https:\/\/hdfree.com.br\/perguntaspermanentes\/wp-json\/wp\/v2\/categories?post=1467"},{"taxonomy":"post_tag","embeddable":true,"href":"https:\/\/hdfree.com.br\/perguntaspermanentes\/wp-json\/wp\/v2\/tags?post=1467"}],"curies":[{"name":"wp","href":"https:\/\/api.w.org\/{rel}","templated":true}]}}