{"id":2223,"date":"2025-06-25T06:04:15","date_gmt":"2025-06-25T06:04:15","guid":{"rendered":"http:\/\/eb9bf0ca-2d23-4d1b-a328-ed75d250c0c7"},"modified":"2025-06-25T06:04:15","modified_gmt":"2025-06-25T06:04:15","slug":"qual-o-bairro-mais-perigoso-de-joinville","status":"publish","type":"post","link":"https:\/\/hdfree.com.br\/perguntaspermanentes\/qual-o-bairro-mais-perigoso-de-joinville\/","title":{"rendered":"Qual o bairro mais perigoso de joinville"},"content":{"rendered":"\n\n<h2 class=\"wp-block-heading\">Qual o bairro mais violento em Joinville?<\/h2>\n\nH\u00e1 um destaque maior das m\u00eddias para a quantidade crescente de mortes violentas na cidade (figura 1), atingindo principalmente a homens (figura 2), e com maior incid\u00eancia em bairros como Jardim Para\u00edso e Paranaguamirim (figura 3).<br \/>\n<div class='article-actions'><span class='report-it'><span class='a' onclick=\"window.open('https:\/\/hdfree.com.br\/perguntaspermanentes\/solicitar-remocao', '_blank')\">Solicita\u00e7\u00e3o de remo\u00e7\u00e3o<\/span><\/span><span class='spacer'>|<\/span><span class='view-url' onclick=\"window.open(reverse('fdp.31VERSDDP\/40\/8102\/sdaolpu\/tnetnoc-pw\/rb.vog.cs.ellivnioj.www\/\/:sptth'), '_blank')\">Veja a resposta completa em www.joinville.sc.gov.br<\/span><\/div>\n\n\n\n<h2 class=\"wp-block-heading\">Quais s\u00e3o os bairros mais alagam em Joinville?<\/h2>\n\n\n<p><\/p>Segundo Defesa Civil, h\u00e1 pontos de alagamento na regi\u00e3o do bairro Costa e Silva e Distrito Industrial, em Joinville.<br \/>\n<div class='article-actions'><span class='report-it'><span class='a' onclick=\"window.open('https:\/\/hdfree.com.br\/perguntaspermanentes\/solicitar-remocao', '_blank')\">Solicita\u00e7\u00e3o de remo\u00e7\u00e3o<\/span><\/span><span class='spacer'>|<\/span><span class='view-url' onclick=\"window.open(reverse('fdp.31VERSDDP\/40\/8102\/sdaolpu\/tnetnoc-pw\/rb.vog.cs.ellivnioj.www\/\/:sptth'), '_blank')\">Veja a resposta completa em www.joinville.sc.gov.br<\/span><\/div>\n\n\n\n<h2 class=\"wp-block-heading\">Qual o bairro mais violento de Santa Catarina?<\/h2>\n\n\n<p><\/p>Bom Dia Santa Catarina. Boa Vista e Renascer s\u00e3o os bairros considerados mais violentos de Crici\u00fama.<br \/>\n<div class='article-actions'><span class='report-it'><span class='a' onclick=\"window.open('https:\/\/hdfree.com.br\/perguntaspermanentes\/solicitar-remocao', '_blank')\">Solicita\u00e7\u00e3o de remo\u00e7\u00e3o<\/span><\/span><span class='spacer'>|<\/span><span class='view-url' onclick=\"window.open(reverse('fdp.31VERSDDP\/40\/8102\/sdaolpu\/tnetnoc-pw\/rb.vog.cs.ellivnioj.www\/\/:sptth'), '_blank')\">Veja a resposta completa em www.joinville.sc.gov.br<\/span><\/div>\n\n\n\n<h2 class=\"wp-block-heading\">Qual o bairro menos perigoso?<\/h2>\n\n\n<p><\/p><p>Ranking | Distrito Policial | Nota geral<\/p><table border=\"1\"><tr><td>1\u00ba<\/td><td>81\u00ba DP &#8211; Bel\u00e9m<\/td><td>8,92<\/td><\/tr><tr><td>2\u00ba<\/td><td>67\u00ba DP &#8211; Jardim Robru<\/td><td>8,45<\/td><\/tr><tr><td>3\u00ba<\/td><td>2\u00ba DP &#8211; Bom Retiro<\/td><td>8,22<\/td><\/tr><tr><td>4\u00ba<\/td><td>19\u00ba DP &#8211; Vila Maria<\/td><td>8,09<\/td><\/tr><\/table><br \/>\n<div class='article-actions'><span class='report-it'><span class='a' onclick=\"window.open('https:\/\/hdfree.com.br\/perguntaspermanentes\/solicitar-remocao', '_blank')\">Solicita\u00e7\u00e3o de remo\u00e7\u00e3o<\/span><\/span><span class='spacer'>|<\/span><span class='view-url' onclick=\"window.open(reverse('fdp.31VERSDDP\/40\/8102\/sdaolpu\/tnetnoc-pw\/rb.vog.cs.ellivnioj.www\/\/:sptth'), '_blank')\">Veja a resposta completa em www.joinville.sc.gov.br<\/span><\/div>\n\n\n\n<h2 class=\"wp-block-heading\">Qual \u00e9 o bairro mais seguro?<\/h2>\n\n\n<p><\/p>\n\n<ul class=\"wp-block-list\">\n<li>Pinheiros. Pinheiros \u00e9 um bairro completo e seguro, onde tradi\u00e7\u00e3o e modernidade se encontram. &#8230;<\/li>\n<li>Perdizes. &#8230;<\/li>\n<li>Vila Madalena. &#8230;<\/li>\n<li>Itaim Bibi. &#8230;<\/li>\n<li>Vila Ipojuca. &#8230;<\/li>\n<li>Moema. &#8230;<\/li>\n<li>Higien\u00f3polis. &#8230;<\/li>\n<li>Vila Mariana.<\/li>\n<\/ul>\n<div class='article-actions'><span class='report-it'><span class='a' onclick=\"window.open('https:\/\/hdfree.com.br\/perguntaspermanentes\/solicitar-remocao', '_blank')\">Solicita\u00e7\u00e3o de remo\u00e7\u00e3o<\/span><\/span><span class='spacer'>|<\/span><span class='view-url' onclick=\"window.open(reverse('fdp.31VERSDDP\/40\/8102\/sdaolpu\/tnetnoc-pw\/rb.vog.cs.ellivnioj.www\/\/:sptth'), '_blank')\">Veja a resposta completa em www.joinville.sc.gov.br<\/span><\/div>\n\n\n\n<h2 class=\"wp-block-heading\">Qual \u00e9 o bairro mais violento?<\/h2>\n\nO bairro do Cap\u00e3o Redondo, na Zona Sul, foi o que mais sofreu com assaltos no ano passado, com 4.016 registros, uma m\u00e9dia superior a dez roubos por dia. No entanto, o n\u00famero \u00e9 menor do que em 2023, que contabilizou 4.926 casos. Al\u00e9m de Cap\u00e3o Redondo, est\u00e3o entre os dez bairros com mais assaltos em 2024: Cap\u00e3o Redondo.<br \/>\n<div class='article-actions'><span class='report-it'><span class='a' onclick=\"window.open('https:\/\/hdfree.com.br\/perguntaspermanentes\/solicitar-remocao', '_blank')\">Solicita\u00e7\u00e3o de remo\u00e7\u00e3o<\/span><\/span><span class='spacer'>|<\/span><span class='view-url' onclick=\"window.open(reverse('\/2000511\/oluap-oas-ed-osogirep-siam-orriab-o-lauq\/sedadisoiruc\/siam-atezag\/rb.moc.psatezag.www\/\/:sptth'), '_blank')\">Veja a resposta completa em www.gazetasp.com.br<\/span><\/div>\n\n\n\n<h2 class=\"wp-block-heading\">Qual o bairro mais violento?<\/h2>\n\n\n<p><\/p>O bairro do Cap\u00e3o Redondo, na Zona Sul, foi o que mais sofreu com assaltos no ano passado, com 4.016 registros, uma m\u00e9dia superior a dez roubos por dia. No entanto, o n\u00famero \u00e9 menor do que em 2023, que contabilizou 4.926 casos. Al\u00e9m de Cap\u00e3o Redondo, est\u00e3o entre os dez bairros com mais assaltos em 2024: Cap\u00e3o Redondo.<br \/>\n<div class='article-actions'><span class='report-it'><span class='a' onclick=\"window.open('https:\/\/hdfree.com.br\/perguntaspermanentes\/solicitar-remocao', '_blank')\">Solicita\u00e7\u00e3o de remo\u00e7\u00e3o<\/span><\/span><span class='spacer'>|<\/span><span class='view-url' onclick=\"window.open(reverse('\/2000511\/oluap-oas-ed-osogirep-siam-orriab-o-lauq\/sedadisoiruc\/siam-atezag\/rb.moc.psatezag.www\/\/:sptth'), '_blank')\">Veja a resposta completa em www.gazetasp.com.br<\/span><\/div>\n\n\n\n<h2 class=\"wp-block-heading\">Qual o bairro mais violento de SP?<\/h2>\n\n\n<p><\/p>Pinheiros \u00e9 o bairro mais perigoso da capital, com 1.023 casos \u2014 o equivalente a 17 celulares roubados ou furtados por dia.<br \/>\n<div class='article-actions'><span class='report-it'><span class='a' onclick=\"window.open('https:\/\/hdfree.com.br\/perguntaspermanentes\/solicitar-remocao', '_blank')\">Solicita\u00e7\u00e3o de remo\u00e7\u00e3o<\/span><\/span><span class='spacer'>|<\/span><span class='view-url' onclick=\"window.open(reverse('\/2000511\/oluap-oas-ed-osogirep-siam-orriab-o-lauq\/sedadisoiruc\/siam-atezag\/rb.moc.psatezag.www\/\/:sptth'), '_blank')\">Veja a resposta completa em www.gazetasp.com.br<\/span><\/div>\n\n\n\n<h2 class=\"wp-block-heading\">Quais bairros evitar em SP?<\/h2>\n\n\n<p><\/p>\n\n<ul class=\"wp-block-list\">\n<li>Cap\u00e3o Redondo. Cap\u00e3o Redondo, localizado na Zona Sul de S\u00e3o Paulo, tem sido historicamente um dos bairros com maiores desafios de seguran\u00e7a na cidade, marcado por altos \u00edndices de viol\u00eancia e criminalidade. &#8230;<\/li>\n<li>S\u00e9 &#8230;<\/li>\n<li>Campo Limpo. &#8230;<\/li>\n<li>Rep\u00fablica. &#8230;<\/li>\n<li>Jardim Herculano.<\/li>\n<\/ul>\n<div class='article-actions'><span class='report-it'><span class='a' onclick=\"window.open('https:\/\/hdfree.com.br\/perguntaspermanentes\/solicitar-remocao', '_blank')\">Solicita\u00e7\u00e3o de remo\u00e7\u00e3o<\/span><\/span><span class='spacer'>|<\/span><span class='view-url' onclick=\"window.open(reverse('\/2000511\/oluap-oas-ed-osogirep-siam-orriab-o-lauq\/sedadisoiruc\/siam-atezag\/rb.moc.psatezag.www\/\/:sptth'), '_blank')\">Veja a resposta completa em www.gazetasp.com.br<\/span><\/div>\n\n\n\n<h2 class=\"wp-block-heading\">Qual zona de SP \u00e9 mais pobre?<\/h2>\n\n\n<p><\/p>Com 400 mil habitantes e representa\u00e7\u00e3o econ\u00f4mica inferior a 0,5% do PIB de S\u00e3o Paulo, o Vale do Ribeira, regi\u00e3o mais pobre do Estado mais rico do pa\u00eds, entra no ano eleitoral com a certeza de que ser\u00e1 rota de peregrina\u00e7\u00e3o dos candidatos, sem a garantia de que isso far\u00e1 alguma diferen\u00e7a quando os mandatos se iniciarem.<br \/>\n<div class='article-actions'><span class='report-it'><span class='a' onclick=\"window.open('https:\/\/hdfree.com.br\/perguntaspermanentes\/solicitar-remocao', '_blank')\">Solicita\u00e7\u00e3o de remo\u00e7\u00e3o<\/span><\/span><span class='spacer'>|<\/span><span class='view-url' onclick=\"window.open(reverse('\/2000511\/oluap-oas-ed-osogirep-siam-orriab-o-lauq\/sedadisoiruc\/siam-atezag\/rb.moc.psatezag.www\/\/:sptth'), '_blank')\">Veja a resposta completa em www.gazetasp.com.br<\/span><\/div>\n\n\n\n<h2 class=\"wp-block-heading\">Qual o bairro mais seguro de Joinville?<\/h2>\n\n\n\n<ul class=\"wp-block-list\">\n<li>1 \u2013 Am\u00e9rica<\/li>\n<li> O bairro Am\u00e9rica \u00e9 um dos mais nobres de Joinville. Localizado pr\u00f3ximo ao centro da cidade, oferece uma infraestrutura completa e moderna. Suas ruas arborizadas e tranquilas s\u00e3o ideais para fam\u00edlias que buscam seguran\u00e7a e qualidade de vida.<\/li>\n<\/ul>\n<div class='article-actions'><span class='report-it'><span class='a' onclick=\"window.open('https:\/\/hdfree.com.br\/perguntaspermanentes\/solicitar-remocao', '_blank')\">Solicita\u00e7\u00e3o de remo\u00e7\u00e3o<\/span><\/span><span class='spacer'>|<\/span><span class='view-url' onclick=\"window.open(reverse('17\/ellivnioj-ed-sorriab-serohlem\/golb\/rb.moc.ellivniojsievomiepicnirp.www\/\/:sptth'), '_blank')\">Veja a resposta completa em www.principeimoveisjoinville.com.br<\/span><\/div>\n\n\n\n<h2 class=\"wp-block-heading\">Quais s\u00e3o os bairros mais seguros de Joinville?<\/h2>\n\n\n<p><\/p>Alguns bairros de Joinville s\u00e3o frequentemente citados ou percebidos como mais seguros, sendo eles: Am\u00e9rica, Atiradores, Gl\u00f3ria, Sagua\u00e7u e Santo Ant\u00f4nio.<br \/>\n<div class='article-actions'><span class='report-it'><span class='a' onclick=\"window.open('https:\/\/hdfree.com.br\/perguntaspermanentes\/solicitar-remocao', '_blank')\">Solicita\u00e7\u00e3o de remo\u00e7\u00e3o<\/span><\/span><span class='spacer'>|<\/span><span class='view-url' onclick=\"window.open(reverse('17\/ellivnioj-ed-sorriab-serohlem\/golb\/rb.moc.ellivniojsievomiepicnirp.www\/\/:sptth'), '_blank')\">Veja a resposta completa em www.principeimoveisjoinville.com.br<\/span><\/div>\n\n\n\n<h2 class=\"wp-block-heading\">Qual o melhor bairro para se morar em Joinville?<\/h2>\n\n\n<p><\/p>\n\n<ul class=\"wp-block-list\">\n<li>1 \u2013 Am\u00e9rica. O bairro Am\u00e9rica \u00e9 um dos mais nobres de Joinville. &#8230;<\/li>\n<li>2 \u2013 Gl\u00f3ria. O Gl\u00f3ria \u00e9 um bairro tradicional e charmoso, conhecido por suas \u00e1reas verdes e atmosfera tranquila. &#8230;<\/li>\n<li>3 \u2013 Santo Ant\u00f4nio. &#8230;<\/li>\n<li>4 \u2013 Costa e Silva. &#8230;<\/li>\n<li>5 \u2013 Anita Garibaldi. &#8230;<\/li>\n<li>6 \u2013 Atiradores. &#8230;<\/li>\n<li>7 \u2013 Floresta. &#8230;<\/li>\n<li>8 \u2013 Guanabara.<\/li>\n<\/ul>\n<div class='article-actions'><span class='report-it'><span class='a' onclick=\"window.open('https:\/\/hdfree.com.br\/perguntaspermanentes\/solicitar-remocao', '_blank')\">Solicita\u00e7\u00e3o de remo\u00e7\u00e3o<\/span><\/span><span class='spacer'>|<\/span><span class='view-url' onclick=\"window.open(reverse('17\/ellivnioj-ed-sorriab-serohlem\/golb\/rb.moc.ellivniojsievomiepicnirp.www\/\/:sptth'), '_blank')\">Veja a resposta completa em www.principeimoveisjoinville.com.br<\/span><\/div>\n\n\n\n<h2 class=\"wp-block-heading\">Qual o bairro mais seguro para morar?<\/h2>\n\n\n<p><\/p>\n\n<ul class=\"wp-block-list\">\n<li>Higien\u00f3polis. Higien\u00f3polis \u00e9 um dos bairros mais seguros de S\u00e3o Paulo, conhecido por sua tranquilidade e infraestrutura de alto n\u00edvel. &#8230;<\/li>\n<li>Campo Belo. &#8230;<\/li>\n<li>Cambuci. &#8230;<\/li>\n<li>Bela Vista. &#8230;<\/li>\n<li>Pinheiros. &#8230;<\/li>\n<li>Perdizes. &#8230;<\/li>\n<li>Jardim Paulista. &#8230;<\/li>\n<li>Itaim BIBI.<\/li>\n<\/ul>\n<div class='article-actions'><span class='report-it'><span class='a' onclick=\"window.open('https:\/\/hdfree.com.br\/perguntaspermanentes\/solicitar-remocao', '_blank')\">Solicita\u00e7\u00e3o de remo\u00e7\u00e3o<\/span><\/span><span class='spacer'>|<\/span><span class='view-url' onclick=\"window.open(reverse('17\/ellivnioj-ed-sorriab-serohlem\/golb\/rb.moc.ellivniojsievomiepicnirp.www\/\/:sptth'), '_blank')\">Veja a resposta completa em www.principeimoveisjoinville.com.br<\/span><\/div>\n\n\n\n<h2 class=\"wp-block-heading\">\u00c9 seguro morar em Joinville?<\/h2>\n\n\n<p><\/p>Quanto \u00e0 seguran\u00e7a, in\u00fameras pesquisas demonstram que Joinville conta com as menores taxas de homic\u00eddios, desemprego entre jovens e desigualdade social, se comparado \u00e0s m\u00e9dias nacionais. Assim, a cidade pode ser considerada segura, se comparada \u00e0s capitais, e com aten\u00e7\u00e3o especial \u00e0 sa\u00fade.<br \/>\n<div class='article-actions'><span class='report-it'><span class='a' onclick=\"window.open('https:\/\/hdfree.com.br\/perguntaspermanentes\/solicitar-remocao', '_blank')\">Solicita\u00e7\u00e3o de remo\u00e7\u00e3o<\/span><\/span><span class='spacer'>|<\/span><span class='view-url' onclick=\"window.open(reverse('17\/ellivnioj-ed-sorriab-serohlem\/golb\/rb.moc.ellivniojsievomiepicnirp.www\/\/:sptth'), '_blank')\">Veja a resposta completa em www.principeimoveisjoinville.com.br<\/span><\/div>\n\n\n\n<h2 class=\"wp-block-heading\">Qual a taxa de criminalidade em Joinville?<\/h2>\n\n\n<p><\/p>Joinville consolida-se como uma das cidades mais seguras do pa\u00eds. De acordo com o levantamento realizado pela Pol\u00edcia Civil, que compara o 1\u00ba trimestre de 2023 ao 1\u00ba trimestre deste ano, o munic\u00edpio apresentou redu\u00e7\u00e3o na taxa de criminalidade. As mortes violentas ca\u00edram 56,52% e os estupros 47,50%.<br \/>\n<div class='article-actions'><span class='report-it'><span class='a' onclick=\"window.open('https:\/\/hdfree.com.br\/perguntaspermanentes\/solicitar-remocao', '_blank')\">Solicita\u00e7\u00e3o de remo\u00e7\u00e3o<\/span><\/span><span class='spacer'>|<\/span><span class='view-url' onclick=\"window.open(reverse('17\/ellivnioj-ed-sorriab-serohlem\/golb\/rb.moc.ellivniojsievomiepicnirp.www\/\/:sptth'), '_blank')\">Veja a resposta completa em www.principeimoveisjoinville.com.br<\/span><\/div>\n\n\n\n<h2 class=\"wp-block-heading\">Quais os bairros que mais alagam em Joinville?<\/h2>\n\nFonte: imagens tiradas pelos estudantes. Ap\u00f3s verificarmos o que diziam as fontes jornal\u00edsticas nos \u00faltimos tr\u00eas anos, percebemos que as mesmas t\u00eam apontado como principais regi\u00f5es de Joinville que alagam o Norte, o Centro e o Oeste.<br \/>\n<div class='article-actions'><span class='report-it'><span class='a' onclick=\"window.open('https:\/\/hdfree.com.br\/perguntaspermanentes\/solicitar-remocao', '_blank')\">Solicita\u00e7\u00e3o de remo\u00e7\u00e3o<\/span><\/span><span class='spacer'>|<\/span><span class='view-url' onclick=\"window.open(reverse('fdp.AVON-ALIV-ORRIAB-OD-OSAC-O-ELLIVNIOJ-ME-SOTNEMAGALA-LANIF-OHLABART\/21\/8102\/02\/setis\/sdaolpu\/tnetnoc-pw\/rb.ude.cfi.irauqara.airomem.acimiuq\/\/:sptth'), '_blank')\">Veja a resposta completa em quimica.memoria.araquari.ifc.edu.br<\/span><\/div>\n\n\n\n<h2 class=\"wp-block-heading\">Quais s\u00e3o os bairros que mais alagam em Joinville?<\/h2>\n\n\n<p><\/p>Os locais mais atingidos foram o bairro Costa e Silva e Distrito Industrial. Ruas ficaram alagadas, impedindo ou dificultando o tr\u00e2nsito. Alagamento tamb\u00e9m foram registrados na BR-101 na regi\u00e3o Norte de Santa Catarina.<br \/>\n<div class='article-actions'><span class='report-it'><span class='a' onclick=\"window.open('https:\/\/hdfree.com.br\/perguntaspermanentes\/solicitar-remocao', '_blank')\">Solicita\u00e7\u00e3o de remo\u00e7\u00e3o<\/span><\/span><span class='spacer'>|<\/span><span class='view-url' onclick=\"window.open(reverse('fdp.AVON-ALIV-ORRIAB-OD-OSAC-O-ELLIVNIOJ-ME-SOTNEMAGALA-LANIF-OHLABART\/21\/8102\/02\/setis\/sdaolpu\/tnetnoc-pw\/rb.ude.cfi.irauqara.airomem.acimiuq\/\/:sptth'), '_blank')\">Veja a resposta completa em quimica.memoria.araquari.ifc.edu.br<\/span><\/div>\n\n\n\n<h2 class=\"wp-block-heading\">Quais s\u00e3o os bairros mais atingidos pela enchente?<\/h2>\n\n\n<p><\/p>Na \u00faltima atualiza\u00e7\u00e3o do \u00f3rg\u00e3o, os bairros mais afetados eram Perus, Pirituba, Lapa e Pinheiros.<br \/>\n<div class='article-actions'><span class='report-it'><span class='a' onclick=\"window.open('https:\/\/hdfree.com.br\/perguntaspermanentes\/solicitar-remocao', '_blank')\">Solicita\u00e7\u00e3o de remo\u00e7\u00e3o<\/span><\/span><span class='spacer'>|<\/span><span class='view-url' onclick=\"window.open(reverse('fdp.AVON-ALIV-ORRIAB-OD-OSAC-O-ELLIVNIOJ-ME-SOTNEMAGALA-LANIF-OHLABART\/21\/8102\/02\/setis\/sdaolpu\/tnetnoc-pw\/rb.ude.cfi.irauqara.airomem.acimiuq\/\/:sptth'), '_blank')\">Veja a resposta completa em quimica.memoria.araquari.ifc.edu.br<\/span><\/div>\n\n\n\n<h2 class=\"wp-block-heading\">Qual foi a pior enchente de Joinville?<\/h2>\n\n\n<p><\/p>Quando Mauro M\u00f6ller acordou na manh\u00e3 daquele 9 de fevereiro de 1995, Joinville continuava sendo atingida pela mesma chuva que caia ao longo dos \u00faltimos dias. O empres\u00e1rio continuou suas atividades de rotina sem imaginar que um temporal chegaria, deixando tr\u00eas mortos e milhares desabrigados.<br \/>\n<div class='article-actions'><span class='report-it'><span class='a' onclick=\"window.open('https:\/\/hdfree.com.br\/perguntaspermanentes\/solicitar-remocao', '_blank')\">Solicita\u00e7\u00e3o de remo\u00e7\u00e3o<\/span><\/span><span class='spacer'>|<\/span><span class='view-url' onclick=\"window.open(reverse('fdp.AVON-ALIV-ORRIAB-OD-OSAC-O-ELLIVNIOJ-ME-SOTNEMAGALA-LANIF-OHLABART\/21\/8102\/02\/setis\/sdaolpu\/tnetnoc-pw\/rb.ude.cfi.irauqara.airomem.acimiuq\/\/:sptth'), '_blank')\">Veja a resposta completa em quimica.memoria.araquari.ifc.edu.br<\/span><\/div>\n\n\n\n<h2 class=\"wp-block-heading\">Quais os melhores bairros de Joinville para se morar?<\/h2>\n\n\n<p><\/p>\n\n<ul class=\"wp-block-list\">\n<li>7 \u2013 Floresta. &#8230;<\/li>\n<li>8 \u2013 Guanabara. &#8230;<\/li>\n<li>9 \u2013 Iriri\u00fa &#8230;<\/li>\n<li>10 \u2013 Sagua\u00e7u. &#8230;<\/li>\n<li>11 \u2013 Bom Retiro. &#8230;<\/li>\n<li>12 \u2013 Boa Vista. &#8230;<\/li>\n<li>13 \u2013 Bucarein. &#8230;<\/li>\n<li>14 \u2013 Centro. O Centro de Joinville \u00e9 o cora\u00e7\u00e3o da cidade, conhecido por sua infraestrutura completa e variedade de com\u00e9rcios e servi\u00e7os.<\/li>\n<\/ul>\n<div class='article-actions'><span class='report-it'><span class='a' onclick=\"window.open('https:\/\/hdfree.com.br\/perguntaspermanentes\/solicitar-remocao', '_blank')\">Solicita\u00e7\u00e3o de remo\u00e7\u00e3o<\/span><\/span><span class='spacer'>|<\/span><span class='view-url' onclick=\"window.open(reverse('fdp.AVON-ALIV-ORRIAB-OD-OSAC-O-ELLIVNIOJ-ME-SOTNEMAGALA-LANIF-OHLABART\/21\/8102\/02\/setis\/sdaolpu\/tnetnoc-pw\/rb.ude.cfi.irauqara.airomem.acimiuq\/\/:sptth'), '_blank')\">Veja a resposta completa em quimica.memoria.araquari.ifc.edu.br<\/span><\/div>\n\n\n\n<h2 class=\"wp-block-heading\">Porque Joinville alaga tanto?<\/h2>\n\n\n<p><\/p>De acordo com Rafael, a localiza\u00e7\u00e3o da cidade \u00e9 um dos fatores que contribuem para que Joinville seja afetada com frequ\u00eancia pelo aumento do n\u00edvel do mar. Al\u00e9m disso, rios \u201cenclausurados\u201d em meio \u00e0 cidade acabam tendo mais dificuldade para escoamento, inundando ruas e casas pr\u00f3ximas.<br \/>\n<div class='article-actions'><span class='report-it'><span class='a' onclick=\"window.open('https:\/\/hdfree.com.br\/perguntaspermanentes\/solicitar-remocao', '_blank')\">Solicita\u00e7\u00e3o de remo\u00e7\u00e3o<\/span><\/span><span class='spacer'>|<\/span><span class='view-url' onclick=\"window.open(reverse('fdp.AVON-ALIV-ORRIAB-OD-OSAC-O-ELLIVNIOJ-ME-SOTNEMAGALA-LANIF-OHLABART\/21\/8102\/02\/setis\/sdaolpu\/tnetnoc-pw\/rb.ude.cfi.irauqara.airomem.acimiuq\/\/:sptth'), '_blank')\">Veja a resposta completa em quimica.memoria.araquari.ifc.edu.br<\/span><\/div>\n\n\n\n<h2 class=\"wp-block-heading\">Onde ficam as favelas de Joinville?<\/h2>\n\nAlguns dos locais de favela apontados pela pesquisa foram criados h\u00e1 anos, como o Itajub\u00e1, no bairro Bom Retiro. Na regi\u00e3o Norte ainda aparecem o Jardim Para\u00edso 3 e 4. Na zona Sul, est\u00e3o na lista Estev\u00e3o de Matos, Jardim Cana\u00e3, Jardim Edilene, no Paranaguamirim.<br \/>\n<div class='article-actions'><span class='report-it'><span class='a' onclick=\"window.open('https:\/\/hdfree.com.br\/perguntaspermanentes\/solicitar-remocao', '_blank')\">Solicita\u00e7\u00e3o de remo\u00e7\u00e3o<\/span><\/span><span class='spacer'>|<\/span><span class='view-url' onclick=\"window.open(reverse('ellivnioj-ed-sanabru-sedadinumoc-e-salevaf-etes-me-marom-saossep-lim-3-ed-siam\/saiciton\/rb.moc.latotcsn.www\/\/:sptth'), '_blank')\">Veja a resposta completa em www.nsctotal.com.br<\/span><\/div>\n\n\n\n<h2 class=\"wp-block-heading\">Onde est\u00e3o localizadas as favelas?<\/h2>\n\n\n<p><\/p>Segundo o IBGE, essas comunidades est\u00e3o concentradas principalmente nas \u00e1reas costeiras, nas margens do Rio Amazonas e em regi\u00f5es de expans\u00e3o de fronteira agr\u00edcola.<br \/>\n<div class='article-actions'><span class='report-it'><span class='a' onclick=\"window.open('https:\/\/hdfree.com.br\/perguntaspermanentes\/solicitar-remocao', '_blank')\">Solicita\u00e7\u00e3o de remo\u00e7\u00e3o<\/span><\/span><span class='spacer'>|<\/span><span class='view-url' onclick=\"window.open(reverse('ellivnioj-ed-sanabru-sedadinumoc-e-salevaf-etes-me-marom-saossep-lim-3-ed-siam\/saiciton\/rb.moc.latotcsn.www\/\/:sptth'), '_blank')\">Veja a resposta completa em www.nsctotal.com.br<\/span><\/div>\n\n\n\n<h2 class=\"wp-block-heading\">Qual \u00e9 o bairro mais pobre de Joinville?<\/h2>\n\n\n<p><\/p>\n\n<ul class=\"wp-block-list\">\n<li>Paranaguamirim: 440;<\/li>\n<li>Jardim Para\u00edso: 259;<\/li>\n<li>Aventureiro: 214;<\/li>\n<li>Jardim Iriri\u00fa: 177;<\/li>\n<li>Comasa: 158.<\/li>\n<\/ul>\n<div class='article-actions'><span class='report-it'><span class='a' onclick=\"window.open('https:\/\/hdfree.com.br\/perguntaspermanentes\/solicitar-remocao', '_blank')\">Solicita\u00e7\u00e3o de remo\u00e7\u00e3o<\/span><\/span><span class='spacer'>|<\/span><span class='view-url' onclick=\"window.open(reverse('ellivnioj-ed-sanabru-sedadinumoc-e-salevaf-etes-me-marom-saossep-lim-3-ed-siam\/saiciton\/rb.moc.latotcsn.www\/\/:sptth'), '_blank')\">Veja a resposta completa em www.nsctotal.com.br<\/span><\/div>\n\n\n\n<h2 class=\"wp-block-heading\">Qual \u00e9 a maior favela de SC?<\/h2>\n\n\n<p><\/p>A comunidade Frei Dami\u00e3o, no munic\u00edpio de Palho\u00e7a, da Grande Florian\u00f3polis, reconhecida pelo \u00faltimo Censo do IBGE de 2022 como a maior favela de Santa Catarina, com 7.273 moradores e 2.470 domic\u00edlios, foi contemplada com cr\u00e9dito social milion\u00e1rio do programa BNDES Periferias.<br \/>\n<div class='article-actions'><span class='report-it'><span class='a' onclick=\"window.open('https:\/\/hdfree.com.br\/perguntaspermanentes\/solicitar-remocao', '_blank')\">Solicita\u00e7\u00e3o de remo\u00e7\u00e3o<\/span><\/span><span class='spacer'>|<\/span><span class='view-url' onclick=\"window.open(reverse('ellivnioj-ed-sanabru-sedadinumoc-e-salevaf-etes-me-marom-saossep-lim-3-ed-siam\/saiciton\/rb.moc.latotcsn.www\/\/:sptth'), '_blank')\">Veja a resposta completa em www.nsctotal.com.br<\/span><\/div>\n\n\n\n<h2 class=\"wp-block-heading\">Qual \u00e9 o bairro mais seguro de Joinville?<\/h2>\n\n\n<p><\/p>\n\n<ul class=\"wp-block-list\">\n<li>1 \u2013 Am\u00e9rica<\/li>\n<li> O bairro Am\u00e9rica \u00e9 um dos mais nobres de Joinville. Localizado pr\u00f3ximo ao centro da cidade, oferece uma infraestrutura completa e moderna. Suas ruas arborizadas e tranquilas s\u00e3o ideais para fam\u00edlias que buscam seguran\u00e7a e qualidade de vida.<\/li>\n<\/ul>\n<div class='article-actions'><span class='report-it'><span class='a' onclick=\"window.open('https:\/\/hdfree.com.br\/perguntaspermanentes\/solicitar-remocao', '_blank')\">Solicita\u00e7\u00e3o de remo\u00e7\u00e3o<\/span><\/span><span class='spacer'>|<\/span><span class='view-url' onclick=\"window.open(reverse('ellivnioj-ed-sanabru-sedadinumoc-e-salevaf-etes-me-marom-saossep-lim-3-ed-siam\/saiciton\/rb.moc.latotcsn.www\/\/:sptth'), '_blank')\">Veja a resposta completa em www.nsctotal.com.br<\/span><\/div>\n\n\n\n<h2 class=\"wp-block-heading\">Qual o bairro mais pobre de Joinville?<\/h2>\n\n\n\n<ul class=\"wp-block-list\">\n<li>Paranaguamirim: 925;<\/li>\n<li>Anita Garibaldi: 570;<\/li>\n<li>Aventureiro: 544;<\/li>\n<li>Jardim Para\u00edso: 505;<\/li>\n<li>Ulysses Guimar\u00e3es: 470.<\/li>\n<\/ul>\n<div class='article-actions'><span class='report-it'><span class='a' onclick=\"window.open('https:\/\/hdfree.com.br\/perguntaspermanentes\/solicitar-remocao', '_blank')\">Solicita\u00e7\u00e3o de remo\u00e7\u00e3o<\/span><\/span><span class='spacer'>|<\/span><span class='view-url' onclick=\"window.open(reverse('\/satnoc-ragap-e-adimoc-rarpmoc-ertne-ehlocse-euq-ellivnioj-ed-arodarom-zid-iod-emof-a\/moc.ellivniojoipicinumo\/\/:sptth'), '_blank')\">Veja a resposta completa em omunicipiojoinville.com<\/span><\/div>\n\n\n\n<h2 class=\"wp-block-heading\">Quais s\u00e3o os piores bairros de Joinville?<\/h2>\n\n\n<p><\/p>O Jardim Para\u00edso (oito) lidera o ranking, seguido por Aventureiro (sete), Jardim Iriri\u00fa (seis) e Paranaguamirim (seis).<br \/>\n<div class='article-actions'><span class='report-it'><span class='a' onclick=\"window.open('https:\/\/hdfree.com.br\/perguntaspermanentes\/solicitar-remocao', '_blank')\">Solicita\u00e7\u00e3o de remo\u00e7\u00e3o<\/span><\/span><span class='spacer'>|<\/span><span class='view-url' onclick=\"window.open(reverse('\/satnoc-ragap-e-adimoc-rarpmoc-ertne-ehlocse-euq-ellivnioj-ed-arodarom-zid-iod-emof-a\/moc.ellivniojoipicinumo\/\/:sptth'), '_blank')\">Veja a resposta completa em omunicipiojoinville.com<\/span><\/div>\n\n\n\n<h2 class=\"wp-block-heading\">Qual o menor bairro de Joinville?<\/h2>\n\n\n<p><\/p>Aventureiro \u2013 Wikip\u00e9dia, a enciclop\u00e9dia livre.<br \/>\n<div class='article-actions'><span class='report-it'><span class='a' onclick=\"window.open('https:\/\/hdfree.com.br\/perguntaspermanentes\/solicitar-remocao', '_blank')\">Solicita\u00e7\u00e3o de remo\u00e7\u00e3o<\/span><\/span><span class='spacer'>|<\/span><span class='view-url' onclick=\"window.open(reverse('\/satnoc-ragap-e-adimoc-rarpmoc-ertne-ehlocse-euq-ellivnioj-ed-arodarom-zid-iod-emof-a\/moc.ellivniojoipicinumo\/\/:sptth'), '_blank')\">Veja a resposta completa em omunicipiojoinville.com<\/span><\/div>\n\n\n\n<h2 class=\"wp-block-heading\">Quais s\u00e3o os bairros mais pobres de Joinville?<\/h2>\n\n\n<p><\/p>\n\n<ul class=\"wp-block-list\">\n<li>Paranaguamirim: 925;<\/li>\n<li>Anita Garibaldi: 570;<\/li>\n<li>Aventureiro: 544;<\/li>\n<li>Jardim Para\u00edso: 505;<\/li>\n<li>Ulysses Guimar\u00e3es: 470.<\/li>\n<\/ul>\n<div class='article-actions'><span class='report-it'><span class='a' onclick=\"window.open('https:\/\/hdfree.com.br\/perguntaspermanentes\/solicitar-remocao', '_blank')\">Solicita\u00e7\u00e3o de remo\u00e7\u00e3o<\/span><\/span><span class='spacer'>|<\/span><span class='view-url' onclick=\"window.open(reverse('\/satnoc-ragap-e-adimoc-rarpmoc-ertne-ehlocse-euq-ellivnioj-ed-arodarom-zid-iod-emof-a\/moc.ellivniojoipicinumo\/\/:sptth'), '_blank')\">Veja a resposta completa em omunicipiojoinville.com<\/span><\/div>\n\n","protected":false},"excerpt":{"rendered":"<p>Qual o bairro mais violento em Joinville? H\u00e1 um destaque maior das m\u00eddias para a quantidade crescente de mortes violentas na cidade (figura 1), atingindo &#8230;. <\/p>\n","protected":false},"author":1,"featured_media":0,"comment_status":"open","ping_status":"closed","sticky":false,"template":"","format":"standard","meta":{"footnotes":""},"categories":[2],"tags":[],"class_list":["post-2223","post","type-post","status-publish","format-standard","hentry","category-perguntas-frequentes"],"yoast_head":"<!-- This site is optimized with the Yoast SEO plugin v25.3.1 - https:\/\/yoast.com\/wordpress\/plugins\/seo\/ -->\n<title>Qual o bairro mais perigoso de joinville - H\u00e1bito Di\u00e1rio Free<\/title>\n<meta name=\"robots\" content=\"index, follow, max-snippet:-1, max-image-preview:large, max-video-preview:-1\" \/>\n<link rel=\"canonical\" href=\"https:\/\/hdfree.com.br\/perguntaspermanentes\/qual-o-bairro-mais-perigoso-de-joinville\/\" \/>\n<meta property=\"og:locale\" content=\"pt_BR\" \/>\n<meta property=\"og:type\" content=\"article\" \/>\n<meta property=\"og:title\" content=\"Qual o bairro mais perigoso de joinville - H\u00e1bito Di\u00e1rio Free\" \/>\n<meta property=\"og:description\" content=\"Qual o bairro mais violento em Joinville? H\u00e1 um destaque maior das m\u00eddias para a quantidade crescente de mortes violentas na cidade (figura 1), atingindo ....\" \/>\n<meta property=\"og:url\" content=\"https:\/\/hdfree.com.br\/perguntaspermanentes\/qual-o-bairro-mais-perigoso-de-joinville\/\" \/>\n<meta property=\"og:site_name\" content=\"H\u00e1bito Di\u00e1rio Free\" \/>\n<meta property=\"article:published_time\" content=\"2025-06-25T06:04:15+00:00\" \/>\n<meta name=\"author\" content=\"hdfree\" \/>\n<meta name=\"twitter:card\" content=\"summary_large_image\" \/>\n<meta name=\"twitter:label1\" content=\"Escrito por\" \/>\n\t<meta name=\"twitter:data1\" content=\"hdfree\" \/>\n\t<meta name=\"twitter:label2\" content=\"Est. tempo de leitura\" \/>\n\t<meta name=\"twitter:data2\" content=\"8 minutos\" \/>\n<script type=\"application\/ld+json\" class=\"yoast-schema-graph\">{\"@context\":\"https:\/\/schema.org\",\"@graph\":[{\"@type\":\"Article\",\"@id\":\"https:\/\/hdfree.com.br\/perguntaspermanentes\/qual-o-bairro-mais-perigoso-de-joinville\/#article\",\"isPartOf\":{\"@id\":\"https:\/\/hdfree.com.br\/perguntaspermanentes\/qual-o-bairro-mais-perigoso-de-joinville\/\"},\"author\":{\"name\":\"hdfree\",\"@id\":\"https:\/\/hdfree.com.br\/perguntaspermanentes\/#\/schema\/person\/197b7141929b08ba869e2f3980fb6183\"},\"headline\":\"Qual o bairro mais perigoso de joinville\",\"datePublished\":\"2025-06-25T06:04:15+00:00\",\"mainEntityOfPage\":{\"@id\":\"https:\/\/hdfree.com.br\/perguntaspermanentes\/qual-o-bairro-mais-perigoso-de-joinville\/\"},\"wordCount\":1591,\"commentCount\":0,\"publisher\":{\"@id\":\"https:\/\/hdfree.com.br\/perguntaspermanentes\/#organization\"},\"articleSection\":[\"Perguntas Frequentes\"],\"inLanguage\":\"pt-BR\",\"potentialAction\":[{\"@type\":\"CommentAction\",\"name\":\"Comment\",\"target\":[\"https:\/\/hdfree.com.br\/perguntaspermanentes\/qual-o-bairro-mais-perigoso-de-joinville\/#respond\"]}]},{\"@type\":\"WebPage\",\"@id\":\"https:\/\/hdfree.com.br\/perguntaspermanentes\/qual-o-bairro-mais-perigoso-de-joinville\/\",\"url\":\"https:\/\/hdfree.com.br\/perguntaspermanentes\/qual-o-bairro-mais-perigoso-de-joinville\/\",\"name\":\"Qual o bairro mais perigoso de joinville - H\u00e1bito Di\u00e1rio Free\",\"isPartOf\":{\"@id\":\"https:\/\/hdfree.com.br\/perguntaspermanentes\/#website\"},\"datePublished\":\"2025-06-25T06:04:15+00:00\",\"breadcrumb\":{\"@id\":\"https:\/\/hdfree.com.br\/perguntaspermanentes\/qual-o-bairro-mais-perigoso-de-joinville\/#breadcrumb\"},\"inLanguage\":\"pt-BR\",\"potentialAction\":[{\"@type\":\"ReadAction\",\"target\":[\"https:\/\/hdfree.com.br\/perguntaspermanentes\/qual-o-bairro-mais-perigoso-de-joinville\/\"]}]},{\"@type\":\"BreadcrumbList\",\"@id\":\"https:\/\/hdfree.com.br\/perguntaspermanentes\/qual-o-bairro-mais-perigoso-de-joinville\/#breadcrumb\",\"itemListElement\":[{\"@type\":\"ListItem\",\"position\":1,\"name\":\"In\u00edcio\",\"item\":\"https:\/\/hdfree.com.br\/perguntaspermanentes\/\"},{\"@type\":\"ListItem\",\"position\":2,\"name\":\"Qual o bairro mais perigoso de joinville\"}]},{\"@type\":\"WebSite\",\"@id\":\"https:\/\/hdfree.com.br\/perguntaspermanentes\/#website\",\"url\":\"https:\/\/hdfree.com.br\/perguntaspermanentes\/\",\"name\":\"H\u00e1bito Di\u00e1rio Free\",\"description\":\"Seu site de Not\u00edcias na Web\",\"publisher\":{\"@id\":\"https:\/\/hdfree.com.br\/perguntaspermanentes\/#organization\"},\"potentialAction\":[{\"@type\":\"SearchAction\",\"target\":{\"@type\":\"EntryPoint\",\"urlTemplate\":\"https:\/\/hdfree.com.br\/perguntaspermanentes\/?s={search_term_string}\"},\"query-input\":{\"@type\":\"PropertyValueSpecification\",\"valueRequired\":true,\"valueName\":\"search_term_string\"}}],\"inLanguage\":\"pt-BR\"},{\"@type\":\"Organization\",\"@id\":\"https:\/\/hdfree.com.br\/perguntaspermanentes\/#organization\",\"name\":\"H\u00e1bito Di\u00e1rio Free\",\"url\":\"https:\/\/hdfree.com.br\/perguntaspermanentes\/\",\"logo\":{\"@type\":\"ImageObject\",\"inLanguage\":\"pt-BR\",\"@id\":\"https:\/\/hdfree.com.br\/perguntaspermanentes\/#\/schema\/logo\/image\/\",\"url\":\"https:\/\/hdfree.com.br\/perguntaspermanentes\/wp-content\/uploads\/2025\/04\/cropped-logo-free-HD-2.png\",\"contentUrl\":\"https:\/\/hdfree.com.br\/perguntaspermanentes\/wp-content\/uploads\/2025\/04\/cropped-logo-free-HD-2.png\",\"width\":100,\"height\":40,\"caption\":\"H\u00e1bito Di\u00e1rio Free\"},\"image\":{\"@id\":\"https:\/\/hdfree.com.br\/perguntaspermanentes\/#\/schema\/logo\/image\/\"}},{\"@type\":\"Person\",\"@id\":\"https:\/\/hdfree.com.br\/perguntaspermanentes\/#\/schema\/person\/197b7141929b08ba869e2f3980fb6183\",\"name\":\"hdfree\",\"image\":{\"@type\":\"ImageObject\",\"inLanguage\":\"pt-BR\",\"@id\":\"https:\/\/hdfree.com.br\/perguntaspermanentes\/#\/schema\/person\/image\/\",\"url\":\"https:\/\/secure.gravatar.com\/avatar\/53f64a45a0f4fb6857828ea1ee008ce7922570a4c314f6530bf0e3dfb8dfbe1d?s=96&d=mm&r=g\",\"contentUrl\":\"https:\/\/secure.gravatar.com\/avatar\/53f64a45a0f4fb6857828ea1ee008ce7922570a4c314f6530bf0e3dfb8dfbe1d?s=96&d=mm&r=g\",\"caption\":\"hdfree\"},\"sameAs\":[\"https:\/\/hdfree.com.br\/perguntaspermanentes\"],\"url\":\"https:\/\/hdfree.com.br\/perguntaspermanentes\/author\/hdfree\/\"}]}<\/script>\n<!-- \/ Yoast SEO plugin. -->","yoast_head_json":{"title":"Qual o bairro mais perigoso de joinville - H\u00e1bito Di\u00e1rio Free","robots":{"index":"index","follow":"follow","max-snippet":"max-snippet:-1","max-image-preview":"max-image-preview:large","max-video-preview":"max-video-preview:-1"},"canonical":"https:\/\/hdfree.com.br\/perguntaspermanentes\/qual-o-bairro-mais-perigoso-de-joinville\/","og_locale":"pt_BR","og_type":"article","og_title":"Qual o bairro mais perigoso de joinville - H\u00e1bito Di\u00e1rio Free","og_description":"Qual o bairro mais violento em Joinville? H\u00e1 um destaque maior das m\u00eddias para a quantidade crescente de mortes violentas na cidade (figura 1), atingindo ....","og_url":"https:\/\/hdfree.com.br\/perguntaspermanentes\/qual-o-bairro-mais-perigoso-de-joinville\/","og_site_name":"H\u00e1bito Di\u00e1rio Free","article_published_time":"2025-06-25T06:04:15+00:00","author":"hdfree","twitter_card":"summary_large_image","twitter_misc":{"Escrito por":"hdfree","Est. tempo de leitura":"8 minutos"},"schema":{"@context":"https:\/\/schema.org","@graph":[{"@type":"Article","@id":"https:\/\/hdfree.com.br\/perguntaspermanentes\/qual-o-bairro-mais-perigoso-de-joinville\/#article","isPartOf":{"@id":"https:\/\/hdfree.com.br\/perguntaspermanentes\/qual-o-bairro-mais-perigoso-de-joinville\/"},"author":{"name":"hdfree","@id":"https:\/\/hdfree.com.br\/perguntaspermanentes\/#\/schema\/person\/197b7141929b08ba869e2f3980fb6183"},"headline":"Qual o bairro mais perigoso de joinville","datePublished":"2025-06-25T06:04:15+00:00","mainEntityOfPage":{"@id":"https:\/\/hdfree.com.br\/perguntaspermanentes\/qual-o-bairro-mais-perigoso-de-joinville\/"},"wordCount":1591,"commentCount":0,"publisher":{"@id":"https:\/\/hdfree.com.br\/perguntaspermanentes\/#organization"},"articleSection":["Perguntas Frequentes"],"inLanguage":"pt-BR","potentialAction":[{"@type":"CommentAction","name":"Comment","target":["https:\/\/hdfree.com.br\/perguntaspermanentes\/qual-o-bairro-mais-perigoso-de-joinville\/#respond"]}]},{"@type":"WebPage","@id":"https:\/\/hdfree.com.br\/perguntaspermanentes\/qual-o-bairro-mais-perigoso-de-joinville\/","url":"https:\/\/hdfree.com.br\/perguntaspermanentes\/qual-o-bairro-mais-perigoso-de-joinville\/","name":"Qual o bairro mais perigoso de joinville - H\u00e1bito Di\u00e1rio Free","isPartOf":{"@id":"https:\/\/hdfree.com.br\/perguntaspermanentes\/#website"},"datePublished":"2025-06-25T06:04:15+00:00","breadcrumb":{"@id":"https:\/\/hdfree.com.br\/perguntaspermanentes\/qual-o-bairro-mais-perigoso-de-joinville\/#breadcrumb"},"inLanguage":"pt-BR","potentialAction":[{"@type":"ReadAction","target":["https:\/\/hdfree.com.br\/perguntaspermanentes\/qual-o-bairro-mais-perigoso-de-joinville\/"]}]},{"@type":"BreadcrumbList","@id":"https:\/\/hdfree.com.br\/perguntaspermanentes\/qual-o-bairro-mais-perigoso-de-joinville\/#breadcrumb","itemListElement":[{"@type":"ListItem","position":1,"name":"In\u00edcio","item":"https:\/\/hdfree.com.br\/perguntaspermanentes\/"},{"@type":"ListItem","position":2,"name":"Qual o bairro mais perigoso de joinville"}]},{"@type":"WebSite","@id":"https:\/\/hdfree.com.br\/perguntaspermanentes\/#website","url":"https:\/\/hdfree.com.br\/perguntaspermanentes\/","name":"H\u00e1bito Di\u00e1rio Free","description":"Seu site de Not\u00edcias na Web","publisher":{"@id":"https:\/\/hdfree.com.br\/perguntaspermanentes\/#organization"},"potentialAction":[{"@type":"SearchAction","target":{"@type":"EntryPoint","urlTemplate":"https:\/\/hdfree.com.br\/perguntaspermanentes\/?s={search_term_string}"},"query-input":{"@type":"PropertyValueSpecification","valueRequired":true,"valueName":"search_term_string"}}],"inLanguage":"pt-BR"},{"@type":"Organization","@id":"https:\/\/hdfree.com.br\/perguntaspermanentes\/#organization","name":"H\u00e1bito Di\u00e1rio Free","url":"https:\/\/hdfree.com.br\/perguntaspermanentes\/","logo":{"@type":"ImageObject","inLanguage":"pt-BR","@id":"https:\/\/hdfree.com.br\/perguntaspermanentes\/#\/schema\/logo\/image\/","url":"https:\/\/hdfree.com.br\/perguntaspermanentes\/wp-content\/uploads\/2025\/04\/cropped-logo-free-HD-2.png","contentUrl":"https:\/\/hdfree.com.br\/perguntaspermanentes\/wp-content\/uploads\/2025\/04\/cropped-logo-free-HD-2.png","width":100,"height":40,"caption":"H\u00e1bito Di\u00e1rio Free"},"image":{"@id":"https:\/\/hdfree.com.br\/perguntaspermanentes\/#\/schema\/logo\/image\/"}},{"@type":"Person","@id":"https:\/\/hdfree.com.br\/perguntaspermanentes\/#\/schema\/person\/197b7141929b08ba869e2f3980fb6183","name":"hdfree","image":{"@type":"ImageObject","inLanguage":"pt-BR","@id":"https:\/\/hdfree.com.br\/perguntaspermanentes\/#\/schema\/person\/image\/","url":"https:\/\/secure.gravatar.com\/avatar\/53f64a45a0f4fb6857828ea1ee008ce7922570a4c314f6530bf0e3dfb8dfbe1d?s=96&d=mm&r=g","contentUrl":"https:\/\/secure.gravatar.com\/avatar\/53f64a45a0f4fb6857828ea1ee008ce7922570a4c314f6530bf0e3dfb8dfbe1d?s=96&d=mm&r=g","caption":"hdfree"},"sameAs":["https:\/\/hdfree.com.br\/perguntaspermanentes"],"url":"https:\/\/hdfree.com.br\/perguntaspermanentes\/author\/hdfree\/"}]}},"_links":{"self":[{"href":"https:\/\/hdfree.com.br\/perguntaspermanentes\/wp-json\/wp\/v2\/posts\/2223","targetHints":{"allow":["GET"]}}],"collection":[{"href":"https:\/\/hdfree.com.br\/perguntaspermanentes\/wp-json\/wp\/v2\/posts"}],"about":[{"href":"https:\/\/hdfree.com.br\/perguntaspermanentes\/wp-json\/wp\/v2\/types\/post"}],"author":[{"embeddable":true,"href":"https:\/\/hdfree.com.br\/perguntaspermanentes\/wp-json\/wp\/v2\/users\/1"}],"replies":[{"embeddable":true,"href":"https:\/\/hdfree.com.br\/perguntaspermanentes\/wp-json\/wp\/v2\/comments?post=2223"}],"version-history":[{"count":1,"href":"https:\/\/hdfree.com.br\/perguntaspermanentes\/wp-json\/wp\/v2\/posts\/2223\/revisions"}],"predecessor-version":[{"id":2224,"href":"https:\/\/hdfree.com.br\/perguntaspermanentes\/wp-json\/wp\/v2\/posts\/2223\/revisions\/2224"}],"wp:attachment":[{"href":"https:\/\/hdfree.com.br\/perguntaspermanentes\/wp-json\/wp\/v2\/media?parent=2223"}],"wp:term":[{"taxonomy":"category","embeddable":true,"href":"https:\/\/hdfree.com.br\/perguntaspermanentes\/wp-json\/wp\/v2\/categories?post=2223"},{"taxonomy":"post_tag","embeddable":true,"href":"https:\/\/hdfree.com.br\/perguntaspermanentes\/wp-json\/wp\/v2\/tags?post=2223"}],"curies":[{"name":"wp","href":"https:\/\/api.w.org\/{rel}","templated":true}]}}