{"id":24,"date":"2025-04-20T01:49:56","date_gmt":"2025-04-20T01:49:56","guid":{"rendered":"http:\/\/1b06f4bc-b886-4f19-a624-c2e96ad8256d"},"modified":"2025-04-20T01:49:56","modified_gmt":"2025-04-20T01:49:56","slug":"ate-que-horas-fica-aberto-o-supermercado-mais-proximo","status":"publish","type":"post","link":"https:\/\/hdfree.com.br\/perguntaspermanentes\/ate-que-horas-fica-aberto-o-supermercado-mais-proximo\/","title":{"rendered":"At\u00e9 que horas fica aberto o supermercado mais pr\u00f3ximo"},"content":{"rendered":"\n\n<h2 class=\"wp-block-heading\">Qual o hor\u00e1rio de fechamento de um supermercado?<\/h2>\n\nO supermercado deve seguir a legisla\u00e7\u00e3o vigente do munic\u00edpio em que est\u00e1 localizado. De modo geral, a lei estipula os seguintes hor\u00e1rios: Segunda a s\u00e1bado: abertura \u00e0s 8h e fechamento \u00e0s 20h; Domingo: abertura \u00e0s 8h e fechamento \u00e0s 13h.<br \/>\n<div class='article-actions'><span class='report-it'><span class='a' onclick=\"window.open('https:\/\/hdfree.com.br\/perguntaspermanentes\/solicitar-remocao', '_blank')\">Solicita\u00e7\u00e3o de remo\u00e7\u00e3o<\/span><\/span><span class='spacer'>|<\/span><span class='view-url' onclick=\"window.open(reverse('\/samahab-sodacremrepus-sod-otnemanoicnuf-ed-soiraroh-so-arifnoc\/lanoicutitsni\/rb.moc.samahab\/\/:sptth'), '_blank')\">Veja a resposta completa em bahamas.com.br<\/span><\/div>\n\n\n\n<h2 class=\"wp-block-heading\">Como funciona o hor\u00e1rio de supermercado?<\/h2>\n\n\n<p><\/p>Para cumprir a carga hor\u00e1ria semanal com\u00e9rcio, o funcion\u00e1rio deve trabalhar 8 horas e 48 minutos durante a semana, para poder folgar aos s\u00e1bados e domingos. Tamb\u00e9m \u00e9 obrigat\u00f3rio a pausa, conforme escala 5\u00d71.<br \/>\n<div class='article-actions'><span class='report-it'><span class='a' onclick=\"window.open('https:\/\/hdfree.com.br\/perguntaspermanentes\/solicitar-remocao', '_blank')\">Solicita\u00e7\u00e3o de remo\u00e7\u00e3o<\/span><\/span><span class='spacer'>|<\/span><span class='view-url' onclick=\"window.open(reverse('\/samahab-sodacremrepus-sod-otnemanoicnuf-ed-soiraroh-so-arifnoc\/lanoicutitsni\/rb.moc.samahab\/\/:sptth'), '_blank')\">Veja a resposta completa em bahamas.com.br<\/span><\/div>\n\n\n\n<h2 class=\"wp-block-heading\">Como funciona a carga hor\u00e1ria em supermercado?<\/h2>\n\n\n<p><\/p>\n\n<ul class=\"wp-block-list\">\n<li>Escala 12\u00d736<\/li>\n<li> O funcion\u00e1rio trabalha 12 horas seguidas e descansa 36 horas. Esse modelo \u00e9 permitido apenas mediante acordo individual escrito ou conven\u00e7\u00e3o coletiva. Embora seja mais comum em setores como sa\u00fade e seguran\u00e7a, pode ser adotado por supermercados, desde que haja regulamenta\u00e7\u00e3o espec\u00edfica da categoria.<\/li>\n<\/ul>\n<div class='article-actions'><span class='report-it'><span class='a' onclick=\"window.open('https:\/\/hdfree.com.br\/perguntaspermanentes\/solicitar-remocao', '_blank')\">Solicita\u00e7\u00e3o de remo\u00e7\u00e3o<\/span><\/span><span class='spacer'>|<\/span><span class='view-url' onclick=\"window.open(reverse('\/samahab-sodacremrepus-sod-otnemanoicnuf-ed-soiraroh-so-arifnoc\/lanoicutitsni\/rb.moc.samahab\/\/:sptth'), '_blank')\">Veja a resposta completa em bahamas.com.br<\/span><\/div>\n\n\n\n<h2 class=\"wp-block-heading\">Como definir hor\u00e1rio de funcionamento?<\/h2>\n\n\n<p><\/p>\n\n<ul class=\"wp-block-list\">\n<li>Acesse seu Perfil da Empresa. &#8230;<\/li>\n<li>Toque em Editar perfil. &#8230;<\/li>\n<li>Na parte de cima, toque na guia Hor\u00e1rio de funcionamento.<\/li>\n<li>Em &#8220;Adicionar outros hor\u00e1rios de funcionamento &#8220;, escolha o tipo de hor\u00e1rio que voc\u00ea quer incluir, como &#8220;Drive-thru&#8221;.<\/li>\n<\/ul>\n<div class='article-actions'><span class='report-it'><span class='a' onclick=\"window.open('https:\/\/hdfree.com.br\/perguntaspermanentes\/solicitar-remocao', '_blank')\">Solicita\u00e7\u00e3o de remo\u00e7\u00e3o<\/span><\/span><span class='spacer'>|<\/span><span class='view-url' onclick=\"window.open(reverse('\/samahab-sodacremrepus-sod-otnemanoicnuf-ed-soiraroh-so-arifnoc\/lanoicutitsni\/rb.moc.samahab\/\/:sptth'), '_blank')\">Veja a resposta completa em bahamas.com.br<\/span><\/div>\n\n\n\n<h2 class=\"wp-block-heading\">O que \u00e9 hor\u00e1rio de fechamento?<\/h2>\n\n\n<p><\/p>O hor\u00e1rio de fechamento \u00e9 fundamental para o planejamento das atividades di\u00e1rias de um estabelecimento comercial. Ele permite que os propriet\u00e1rios definam a quantidade de funcion\u00e1rios necess\u00e1rios em cada turno, estabele\u00e7am metas de vendas e organizem o estoque de produtos.<br \/>\n<div class='article-actions'><span class='report-it'><span class='a' onclick=\"window.open('https:\/\/hdfree.com.br\/perguntaspermanentes\/solicitar-remocao', '_blank')\">Solicita\u00e7\u00e3o de remo\u00e7\u00e3o<\/span><\/span><span class='spacer'>|<\/span><span class='view-url' onclick=\"window.open(reverse('\/samahab-sodacremrepus-sod-otnemanoicnuf-ed-soiraroh-so-arifnoc\/lanoicutitsni\/rb.moc.samahab\/\/:sptth'), '_blank')\">Veja a resposta completa em bahamas.com.br<\/span><\/div>\n\n\n\n<h2 class=\"wp-block-heading\">Qual \u00e9 o hor\u00e1rio de trabalho normal em um supermercado?<\/h2>\n\n\n<p><\/p>De acordo com a lei N\u00ba 12.790, que regulamenta a profiss\u00e3o de comerci\u00e1rio e empregados do com\u00e9rcio, a jornada de trabalho normal em supermercados pode ser de at\u00e9 8 horas di\u00e1rias e 44 horas semanais.<br \/>\n<div class='article-actions'><span class='report-it'><span class='a' onclick=\"window.open('https:\/\/hdfree.com.br\/perguntaspermanentes\/solicitar-remocao', '_blank')\">Solicita\u00e7\u00e3o de remo\u00e7\u00e3o<\/span><\/span><span class='spacer'>|<\/span><span class='view-url' onclick=\"window.open(reverse('\/samahab-sodacremrepus-sod-otnemanoicnuf-ed-soiraroh-so-arifnoc\/lanoicutitsni\/rb.moc.samahab\/\/:sptth'), '_blank')\">Veja a resposta completa em bahamas.com.br<\/span><\/div>\n\n\n\n<h2 class=\"wp-block-heading\">Qual o hor\u00e1rio comercial por lei?<\/h2>\n\n\n<p><\/p>Ele \u00e9 padronizado para garantir que os consumidores tenham um tempo fixo para resolver suas demandas, ao mesmo tempo em que permite aos funcion\u00e1rios uma rotina previs\u00edvel. Tradicionalmente, esse hor\u00e1rio vai das 9h \u00e0s 18h de segunda a sexta-feira, embora possa variar em fun\u00e7\u00e3o do setor ou localidade.<br \/>\n<div class='article-actions'><span class='report-it'><span class='a' onclick=\"window.open('https:\/\/hdfree.com.br\/perguntaspermanentes\/solicitar-remocao', '_blank')\">Solicita\u00e7\u00e3o de remo\u00e7\u00e3o<\/span><\/span><span class='spacer'>|<\/span><span class='view-url' onclick=\"window.open(reverse('\/samahab-sodacremrepus-sod-otnemanoicnuf-ed-soiraroh-so-arifnoc\/lanoicutitsni\/rb.moc.samahab\/\/:sptth'), '_blank')\">Veja a resposta completa em bahamas.com.br<\/span><\/div>\n\n\n\n<h2 class=\"wp-block-heading\">Qual o melhor hor\u00e1rio para ir ao supermercado?<\/h2>\n\n\n\n<ul class=\"wp-block-list\">\n<li>Os Melhores Hor\u00e1rios para Fazer Compras no Mercado<\/li>\n<li> O ideal \u00e9 realizar suas compras logo pela manh\u00e3 durante a semana, quando os supermercados ainda est\u00e3o vazios. Al\u00e9m disso, o per\u00edodo da tarde, antes das 18h, costuma ser mais calmo, pois muitas pessoas ainda est\u00e3o no trabalho ou em outras atividades.<\/li>\n<\/ul>\n<div class='article-actions'><span class='report-it'><span class='a' onclick=\"window.open('https:\/\/hdfree.com.br\/perguntaspermanentes\/solicitar-remocao', '_blank')\">Solicita\u00e7\u00e3o de remo\u00e7\u00e3o<\/span><\/span><span class='spacer'>|<\/span><span class='view-url' onclick=\"window.open(reverse('\/euq-rop-adnetne-odacrem-oa-ri-arap-oiraroh-e-aid-rohlem-o-odalever\/aiciton\/rb.moc.libatnoclanroj.www\/\/:sptth'), '_blank')\">Veja a resposta completa em www.jornalcontabil.com.br<\/span><\/div>\n\n\n\n<h2 class=\"wp-block-heading\">Qual a melhor hora para ir no mercado?<\/h2>\n\n\n<p><\/p>Optar por ir ao supermercado pela manh\u00e3 ou no final da tarde durante a semana pode ser uma excelente escolha para evitar aglomera\u00e7\u00f5es. Segundo especialistas em varejo, a ter\u00e7a-feira e a quarta-feira s\u00e3o dias estrat\u00e9gicos para ir ao supermercado.<br \/>\n<div class='article-actions'><span class='report-it'><span class='a' onclick=\"window.open('https:\/\/hdfree.com.br\/perguntaspermanentes\/solicitar-remocao', '_blank')\">Solicita\u00e7\u00e3o de remo\u00e7\u00e3o<\/span><\/span><span class='spacer'>|<\/span><span class='view-url' onclick=\"window.open(reverse('\/euq-rop-adnetne-odacrem-oa-ri-arap-oiraroh-e-aid-rohlem-o-odalever\/aiciton\/rb.moc.libatnoclanroj.www\/\/:sptth'), '_blank')\">Veja a resposta completa em www.jornalcontabil.com.br<\/span><\/div>\n\n\n\n<h2 class=\"wp-block-heading\">Qual a melhor data para ir ao supermercado?<\/h2>\n\n\n<p><\/p>O ideal \u00e9 ir na ter\u00e7a-feira, quando os produtos frescos, como hortifruti e carnes, j\u00e1 chegaram \u00e0s lojas, garantindo uma maior variedade e qualidade. Isso faz com que a ter\u00e7a-feira seja o melhor dia para aproveitar as compras.<br \/>\n<div class='article-actions'><span class='report-it'><span class='a' onclick=\"window.open('https:\/\/hdfree.com.br\/perguntaspermanentes\/solicitar-remocao', '_blank')\">Solicita\u00e7\u00e3o de remo\u00e7\u00e3o<\/span><\/span><span class='spacer'>|<\/span><span class='view-url' onclick=\"window.open(reverse('\/euq-rop-adnetne-odacrem-oa-ri-arap-oiraroh-e-aid-rohlem-o-odalever\/aiciton\/rb.moc.libatnoclanroj.www\/\/:sptth'), '_blank')\">Veja a resposta completa em www.jornalcontabil.com.br<\/span><\/div>\n\n\n\n<h2 class=\"wp-block-heading\">Qual o melhor hor\u00e1rio para fazer compras no supermercado?<\/h2>\n\n\n<p><\/p>\n\n<ul class=\"wp-block-list\">\n<li>Os Melhores Hor\u00e1rios para Fazer Compras no Mercado<\/li>\n<li> O ideal \u00e9 realizar suas compras logo pela manh\u00e3 durante a semana, quando os supermercados ainda est\u00e3o vazios. Al\u00e9m disso, o per\u00edodo da tarde, antes das 18h, costuma ser mais calmo, pois muitas pessoas ainda est\u00e3o no trabalho ou em outras atividades.<\/li>\n<\/ul>\n<div class='article-actions'><span class='report-it'><span class='a' onclick=\"window.open('https:\/\/hdfree.com.br\/perguntaspermanentes\/solicitar-remocao', '_blank')\">Solicita\u00e7\u00e3o de remo\u00e7\u00e3o<\/span><\/span><span class='spacer'>|<\/span><span class='view-url' onclick=\"window.open(reverse('\/euq-rop-adnetne-odacrem-oa-ri-arap-oiraroh-e-aid-rohlem-o-odalever\/aiciton\/rb.moc.libatnoclanroj.www\/\/:sptth'), '_blank')\">Veja a resposta completa em www.jornalcontabil.com.br<\/span><\/div>\n\n\n\n<h2 class=\"wp-block-heading\">Qual dia o mercado \u00e9 mais cheio?<\/h2>\n\n\n<p><\/p>Nos dias de semana no fim da tarde e in\u00edcio na noite, no s\u00e1bado a tarde e no domingo demanh\u00e3 os supermercados tendem a estar mais cheios. Evite esses hor\u00e1rios e n\u00e3o perca muito tempo nas filas.<br \/>\n<div class='article-actions'><span class='report-it'><span class='a' onclick=\"window.open('https:\/\/hdfree.com.br\/perguntaspermanentes\/solicitar-remocao', '_blank')\">Solicita\u00e7\u00e3o de remo\u00e7\u00e3o<\/span><\/span><span class='spacer'>|<\/span><span class='view-url' onclick=\"window.open(reverse('\/euq-rop-adnetne-odacrem-oa-ri-arap-oiraroh-e-aid-rohlem-o-odalever\/aiciton\/rb.moc.libatnoclanroj.www\/\/:sptth'), '_blank')\">Veja a resposta completa em www.jornalcontabil.com.br<\/span><\/div>\n\n\n\n<h2 class=\"wp-block-heading\">Qual \u00e9 o melhor dia da semana para ir ao mercado?<\/h2>\n\n\n<p><\/p>Os consumidores que estiverem atentos podem economizar at\u00e9 40% nas compras. Toda segunda, o P\u00e3o de A\u00e7\u00facar oferece descontos em produtos diversos, na promo\u00e7\u00e3o &#8220;Abaste\u00e7a sua Casa&#8221;. Ter\u00e7a \u00e9 dia de ofertas de frutas, verduras e legumes no CompreBem e no P\u00e3o de A\u00e7\u00facar. Quarta-feira \u00e9 o dia com mais promo\u00e7\u00f5es.<br \/>\n<div class='article-actions'><span class='report-it'><span class='a' onclick=\"window.open('https:\/\/hdfree.com.br\/perguntaspermanentes\/solicitar-remocao', '_blank')\">Solicita\u00e7\u00e3o de remo\u00e7\u00e3o<\/span><\/span><span class='spacer'>|<\/span><span class='view-url' onclick=\"window.open(reverse('\/euq-rop-adnetne-odacrem-oa-ri-arap-oiraroh-e-aid-rohlem-o-odalever\/aiciton\/rb.moc.libatnoclanroj.www\/\/:sptth'), '_blank')\">Veja a resposta completa em www.jornalcontabil.com.br<\/span><\/div>\n\n\n\n<h2 class=\"wp-block-heading\">Qual o hor\u00e1rio de trabalho do supermercado?<\/h2>\n\nComo \u00e9 a jornada de trabalho em supermercados? De acordo com a lei N\u00ba 12.790, que regulamenta a profiss\u00e3o de comerci\u00e1rio e empregados do com\u00e9rcio, a jornada de trabalho normal em supermercados pode ser de at\u00e9 8 horas di\u00e1rias e 44 horas semanais.<br \/>\n<div class='article-actions'><span class='report-it'><span class='a' onclick=\"window.open('https:\/\/hdfree.com.br\/perguntaspermanentes\/solicitar-remocao', '_blank')\">Solicita\u00e7\u00e3o de remo\u00e7\u00e3o<\/span><\/span><span class='spacer'>|<\/span><span class='view-url' onclick=\"window.open(reverse('\/odacremrepus-arap-otnop-elortnoc\/rb.moc.letotnop.www\/\/:sptth'), '_blank')\">Veja a resposta completa em www.pontotel.com.br<\/span><\/div>\n\n\n\n<h2 class=\"wp-block-heading\">Qual \u00e9 a jornada de trabalho em um supermercado?<\/h2>\n\n\n<p><\/p>\n\n<ul class=\"wp-block-list\">\n<li>Escala 6\u00d71<\/li>\n<li> O funcion\u00e1rio trabalha 6 dias e fica 1 dia de folga. O dia de descanso pode variar de acordo com a necessidade do supermercado e o que for estabelecido na conven\u00e7\u00e3o coletiva de trabalho. A CLT n\u00e3o permite uma jornada com mais de 6 dias de trabalho ininterrupto, sendo obrigat\u00f3rio o descanso semanal.<\/li>\n<\/ul>\n<div class='article-actions'><span class='report-it'><span class='a' onclick=\"window.open('https:\/\/hdfree.com.br\/perguntaspermanentes\/solicitar-remocao', '_blank')\">Solicita\u00e7\u00e3o de remo\u00e7\u00e3o<\/span><\/span><span class='spacer'>|<\/span><span class='view-url' onclick=\"window.open(reverse('\/odacremrepus-arap-otnop-elortnoc\/rb.moc.letotnop.www\/\/:sptth'), '_blank')\">Veja a resposta completa em www.pontotel.com.br<\/span><\/div>\n\n\n\n<h2 class=\"wp-block-heading\">Como \u00e9 a jornada de trabalho em um supermercado?<\/h2>\n\n\n<p><\/p>Um dos aspectos mais relevantes para trabalhadores de supermercados \u00e9 a jornada de trabalho. De acordo com a CLT, a jornada padr\u00e3o \u00e9 de 44 horas semanais, n\u00e3o excedendo 8 horas di\u00e1rias. Horas extras devem ser pagas com um acr\u00e9scimo de no m\u00ednimo 50% sobre o valor da hora regular.<br \/>\n<div class='article-actions'><span class='report-it'><span class='a' onclick=\"window.open('https:\/\/hdfree.com.br\/perguntaspermanentes\/solicitar-remocao', '_blank')\">Solicita\u00e7\u00e3o de remo\u00e7\u00e3o<\/span><\/span><span class='spacer'>|<\/span><span class='view-url' onclick=\"window.open(reverse('\/odacremrepus-arap-otnop-elortnoc\/rb.moc.letotnop.www\/\/:sptth'), '_blank')\">Veja a resposta completa em www.pontotel.com.br<\/span><\/div>\n\n\n\n<h2 class=\"wp-block-heading\">Como funcionam os hor\u00e1rios de supermercado?<\/h2>\n\n\n<p><\/p>Os supermercados costumam funcionar das 7h \u00e0s 22h aos s\u00e1bado. Os shoppings v\u00e3o das 10h \u00e0s 22h e servi\u00e7os de sa\u00fade das 8h \u00e0s 12h ou at\u00e9 14h. No s\u00e1bado, ele varia conforme o setor e a regi\u00e3o. Portanto, \u00e9 importante que voc\u00ea confirme os hor\u00e1rios de funcionamento de cada setor aos s\u00e1bados na sua localidade.<br \/>\n<div class='article-actions'><span class='report-it'><span class='a' onclick=\"window.open('https:\/\/hdfree.com.br\/perguntaspermanentes\/solicitar-remocao', '_blank')\">Solicita\u00e7\u00e3o de remo\u00e7\u00e3o<\/span><\/span><span class='spacer'>|<\/span><span class='view-url' onclick=\"window.open(reverse('\/odacremrepus-arap-otnop-elortnoc\/rb.moc.letotnop.www\/\/:sptth'), '_blank')\">Veja a resposta completa em www.pontotel.com.br<\/span><\/div>\n\n\n\n<h2 class=\"wp-block-heading\">Como \u00e9 a escala de supermercado?<\/h2>\n\n\n<p><\/p>Entre as escalas, temos a escala de trabalho 6\u00d71, muito utilizada nas atividades que abrem nos finais de semana, como por exemplo RESTAURANTES, supermercados, lojas de shoppings e com\u00e9rcio em geral. A escala de trabalho 6\u00d71 \u00e9 aquela que tem 6 dias de trabalho consecutivos, seguido de 1 folga no s\u00e9timo dia.<br \/>\n<div class='article-actions'><span class='report-it'><span class='a' onclick=\"window.open('https:\/\/hdfree.com.br\/perguntaspermanentes\/solicitar-remocao', '_blank')\">Solicita\u00e7\u00e3o de remo\u00e7\u00e3o<\/span><\/span><span class='spacer'>|<\/span><span class='view-url' onclick=\"window.open(reverse('\/odacremrepus-arap-otnop-elortnoc\/rb.moc.letotnop.www\/\/:sptth'), '_blank')\">Veja a resposta completa em www.pontotel.com.br<\/span><\/div>\n\n\n\n<h2 class=\"wp-block-heading\">Quem trabalha s\u00e1bado e domingo ganha mais?<\/h2>\n\n\n<p><\/p>O empregado tem direito a compensar o trabalho no fim de semana em outro dia; O empregado pode receber dobrado nos dias em que trabalhar em feriados e domingos. O valor dobrado pode ser em dinheiro ou n\u00e3o, dependendo do acordo firmado com o empregador, podendo ser pago inclusive em banco de horas.<br \/>\n<div class='article-actions'><span class='report-it'><span class='a' onclick=\"window.open('https:\/\/hdfree.com.br\/perguntaspermanentes\/solicitar-remocao', '_blank')\">Solicita\u00e7\u00e3o de remo\u00e7\u00e3o<\/span><\/span><span class='spacer'>|<\/span><span class='view-url' onclick=\"window.open(reverse('\/odacremrepus-arap-otnop-elortnoc\/rb.moc.letotnop.www\/\/:sptth'), '_blank')\">Veja a resposta completa em www.pontotel.com.br<\/span><\/div>\n\n\n\n<h2 class=\"wp-block-heading\">Como funciona o mercado 24 horas?<\/h2>\n\nO mercado conveni\u00eancia nada mais \u00e9 do que um espa\u00e7o feito especialmente para os pr\u00f3prios cond\u00f4minos e que funciona durante 24 horas, facilitando o dia dia dos moradores, permitindo que os mesmo comprem itens que est\u00e3o faltando na sua dispensa, ou at\u00e9 mesmo itens pontuais para fazer uma receita, carv\u00e3o para o churrasco, &#8230;<br \/>\n<div class='article-actions'><span class='report-it'><span class='a' onclick=\"window.open('https:\/\/hdfree.com.br\/perguntaspermanentes\/solicitar-remocao', '_blank')\">Solicita\u00e7\u00e3o de remo\u00e7\u00e3o<\/span><\/span><span class='spacer'>|<\/span><span class='view-url' onclick=\"window.open(reverse('\/anep-a-elav-es-rebas-omoc-saroh-42-sodacremrepus\/rb.moc.xenb.sthgisni\/\/:sptth'), '_blank')\">Veja a resposta completa em insights.bnex.com.br<\/span><\/div>\n\n\n\n<h2 class=\"wp-block-heading\">Como funciona um mercado 24 horas?<\/h2>\n\n\n<p><\/p>O mercado conveni\u00eancia nada mais \u00e9 do que um espa\u00e7o feito especialmente para os pr\u00f3prios cond\u00f4minos e que funciona durante 24 horas, facilitando o dia dia dos moradores, permitindo que os mesmo comprem itens que est\u00e3o faltando na sua dispensa, ou at\u00e9 mesmo itens pontuais para fazer uma receita, carv\u00e3o para o churrasco, &#8230;<br \/>\n<div class='article-actions'><span class='report-it'><span class='a' onclick=\"window.open('https:\/\/hdfree.com.br\/perguntaspermanentes\/solicitar-remocao', '_blank')\">Solicita\u00e7\u00e3o de remo\u00e7\u00e3o<\/span><\/span><span class='spacer'>|<\/span><span class='view-url' onclick=\"window.open(reverse('\/anep-a-elav-es-rebas-omoc-saroh-42-sodacremrepus\/rb.moc.xenb.sthgisni\/\/:sptth'), '_blank')\">Veja a resposta completa em insights.bnex.com.br<\/span><\/div>\n\n\n\n<h2 class=\"wp-block-heading\">O que significa funcionamento 24 horas?<\/h2>\n\n\n<p><\/p>O funcionamento 24\/7 \u00e9 um termo amplamente utilizado no mundo dos neg\u00f3cios e da tecnologia. Significa que um determinado servi\u00e7o ou sistema est\u00e1 dispon\u00edvel 24 horas por dia, 7 dias por semana, sem interrup\u00e7\u00f5es.<br \/>\n<div class='article-actions'><span class='report-it'><span class='a' onclick=\"window.open('https:\/\/hdfree.com.br\/perguntaspermanentes\/solicitar-remocao', '_blank')\">Solicita\u00e7\u00e3o de remo\u00e7\u00e3o<\/span><\/span><span class='spacer'>|<\/span><span class='view-url' onclick=\"window.open(reverse('\/anep-a-elav-es-rebas-omoc-saroh-42-sodacremrepus\/rb.moc.xenb.sthgisni\/\/:sptth'), '_blank')\">Veja a resposta completa em insights.bnex.com.br<\/span><\/div>\n\n\n\n<h2 class=\"wp-block-heading\">Que horas mercados fecham?<\/h2>\n\n\n<p><\/p><p>Mercado1 | Cancelamento de Ofertas | Call de Fechamento<\/p><table border=\"1\"><tr><td>BOVESPA Mais \u2013 Todos os ativos<\/td><td>09:30<\/td><td>17:00<\/td><\/tr><tr><td>BDRs N\u00e3o Patrocinados<\/td><td>09:30<\/td><td>17:05<\/td><\/tr><tr><td>BDRs Patrocinados<\/td><td>09:30<\/td><td>17:00<\/td><\/tr><\/table><br \/>\n<div class='article-actions'><span class='report-it'><span class='a' onclick=\"window.open('https:\/\/hdfree.com.br\/perguntaspermanentes\/solicitar-remocao', '_blank')\">Solicita\u00e7\u00e3o de remo\u00e7\u00e3o<\/span><\/span><span class='spacer'>|<\/span><span class='view-url' onclick=\"window.open(reverse('\/anep-a-elav-es-rebas-omoc-saroh-42-sodacremrepus\/rb.moc.xenb.sthgisni\/\/:sptth'), '_blank')\">Veja a resposta completa em insights.bnex.com.br<\/span><\/div>\n\n\n\n<h2 class=\"wp-block-heading\">Que horas abre o mercado local?<\/h2>\n\n\n<p><\/p>Segunda a S\u00e1bado das 6h \u00e0s 18h e Domingo das 6h \u00e0s 16h.<br \/>\n<div class='article-actions'><span class='report-it'><span class='a' onclick=\"window.open('https:\/\/hdfree.com.br\/perguntaspermanentes\/solicitar-remocao', '_blank')\">Solicita\u00e7\u00e3o de remo\u00e7\u00e3o<\/span><\/span><span class='spacer'>|<\/span><span class='view-url' onclick=\"window.open(reverse('\/anep-a-elav-es-rebas-omoc-saroh-42-sodacremrepus\/rb.moc.xenb.sthgisni\/\/:sptth'), '_blank')\">Veja a resposta completa em insights.bnex.com.br<\/span><\/div>\n\n\n\n<h2 class=\"wp-block-heading\">Qual \u00e9 a carga hor\u00e1ria de um mercado?<\/h2>\n\n\n<p><\/p>No com\u00e9rcio, e em outros setores da economia, a carga hor\u00e1ria semanal deve ser distribu\u00edda de forma a cumprir as 44 horas exigidas por lei. Em geral, a distribui\u00e7\u00e3o \u00e9 feita de 8 horas por dia, de segunda a sexta-feira, e 4 horas aos s\u00e1bados, garantindo assim o cumprimento da carga hor\u00e1ria semanal.<br \/>\n<div class='article-actions'><span class='report-it'><span class='a' onclick=\"window.open('https:\/\/hdfree.com.br\/perguntaspermanentes\/solicitar-remocao', '_blank')\">Solicita\u00e7\u00e3o de remo\u00e7\u00e3o<\/span><\/span><span class='spacer'>|<\/span><span class='view-url' onclick=\"window.open(reverse('\/anep-a-elav-es-rebas-omoc-saroh-42-sodacremrepus\/rb.moc.xenb.sthgisni\/\/:sptth'), '_blank')\">Veja a resposta completa em insights.bnex.com.br<\/span><\/div>\n\n\n\n<h2 class=\"wp-block-heading\">Quantas horas trabalha o mercado?<\/h2>\n\n\n<p><\/p>O tempo de trabalho dos funcion\u00e1rios de um supermercado \u00e9 o mesmo dos outros trabalhadores, 8 horas di\u00e1rias e 44 horas semanais, conforme estabelecido pela CLT.<br \/>\n<div class='article-actions'><span class='report-it'><span class='a' onclick=\"window.open('https:\/\/hdfree.com.br\/perguntaspermanentes\/solicitar-remocao', '_blank')\">Solicita\u00e7\u00e3o de remo\u00e7\u00e3o<\/span><\/span><span class='spacer'>|<\/span><span class='view-url' onclick=\"window.open(reverse('\/anep-a-elav-es-rebas-omoc-saroh-42-sodacremrepus\/rb.moc.xenb.sthgisni\/\/:sptth'), '_blank')\">Veja a resposta completa em insights.bnex.com.br<\/span><\/div>\n\n\n\n<h2 class=\"wp-block-heading\">Que horas vai fechar os mercados hoje?<\/h2>\n\n<p>Mercado1 | Cancelamento de Ofertas | Call de Fechamento<\/p><table border=\"1\"><tr><td>BOVESPA Mais \u2013 Todos os ativos<\/td><td>09:30<\/td><td>16:55<\/td><\/tr><tr><td>BDRs N\u00e3o Patrocinados<\/td><td>09:30<\/td><td>16:55<\/td><\/tr><tr><td>BDRs Patrocinados<\/td><td>09:30<\/td><td>16:55<\/td><\/tr><\/table><br \/>\n<div class='article-actions'><span class='report-it'><span class='a' onclick=\"window.open('https:\/\/hdfree.com.br\/perguntaspermanentes\/solicitar-remocao', '_blank')\">Solicita\u00e7\u00e3o de remo\u00e7\u00e3o<\/span><\/span><span class='spacer'>|<\/span><span class='view-url' onclick=\"window.open(reverse('\/serolav-ed-aslob-oiraroh\/golb\/rb.moc.latipacmc\/\/:sptth'), '_blank')\">Veja a resposta completa em cmcapital.com.br<\/span><\/div>\n\n\n\n<h2 class=\"wp-block-heading\">Qual o hor\u00e1rio de fechamento da bolsa hoje?<\/h2>\n\n\n<p><\/p>Mudan\u00e7a acontece em fun\u00e7\u00e3o do hor\u00e1rio de ver\u00e3o nos EUA e mexe tamb\u00e9m com a negocia\u00e7\u00e3o de derivativos e contratos futuros. A partir desta segunda-feira (10), o preg\u00e3o na bolsa de valores do Brasil, a B3, ter\u00e1 novo hor\u00e1rio de encerramento. A abertura continua sendo \u00e0s 10h, mas o fechamento dos neg\u00f3cios ser\u00e1 \u00e0s 17h.<br \/>\n<div class='article-actions'><span class='report-it'><span class='a' onclick=\"window.open('https:\/\/hdfree.com.br\/perguntaspermanentes\/solicitar-remocao', '_blank')\">Solicita\u00e7\u00e3o de remo\u00e7\u00e3o<\/span><\/span><span class='spacer'>|<\/span><span class='view-url' onclick=\"window.open(reverse('\/serolav-ed-aslob-oiraroh\/golb\/rb.moc.latipacmc\/\/:sptth'), '_blank')\">Veja a resposta completa em cmcapital.com.br<\/span><\/div>\n\n\n\n<h2 class=\"wp-block-heading\">Que horas \u00e9 o fechamento do mercado?<\/h2>\n\n\n<p><\/p>J\u00e1 o hor\u00e1rio de abertura das negocia\u00e7\u00f5es se mant\u00e9m \u00e0s 10h. Assim, o cancelamento de ofertas pela manh\u00e3 acontecer\u00e1 entre 9h30 e 9h45 e ap\u00f3s o fechamento do mercado entre 17h25 e 17h30.<br \/>\n<div class='article-actions'><span class='report-it'><span class='a' onclick=\"window.open('https:\/\/hdfree.com.br\/perguntaspermanentes\/solicitar-remocao', '_blank')\">Solicita\u00e7\u00e3o de remo\u00e7\u00e3o<\/span><\/span><span class='spacer'>|<\/span><span class='view-url' onclick=\"window.open(reverse('\/serolav-ed-aslob-oiraroh\/golb\/rb.moc.latipacmc\/\/:sptth'), '_blank')\">Veja a resposta completa em cmcapital.com.br<\/span><\/div>\n\n\n\n<h2 class=\"wp-block-heading\">Qual o hor\u00e1rio da B3 na Quarta de Cinzas?<\/h2>\n\n\n<p><\/p>Na segunda e na ter\u00e7a-feira, a B3 n\u00e3o funcionou para diversos servi\u00e7os, como negocia\u00e7\u00e3o para os mercados de renda vari\u00e1vel. Nesta Quarta-Feira de Cinzas, o funcionamento tamb\u00e9m ser\u00e1 alterado. A bolsa abre \u00e0s 13h e fecha no hor\u00e1rio tradicional, \u00e0s 18h.<br \/>\n<div class='article-actions'><span class='report-it'><span class='a' onclick=\"window.open('https:\/\/hdfree.com.br\/perguntaspermanentes\/solicitar-remocao', '_blank')\">Solicita\u00e7\u00e3o de remo\u00e7\u00e3o<\/span><\/span><span class='spacer'>|<\/span><span class='view-url' onclick=\"window.open(reverse('\/serolav-ed-aslob-oiraroh\/golb\/rb.moc.latipacmc\/\/:sptth'), '_blank')\">Veja a resposta completa em cmcapital.com.br<\/span><\/div>\n\n\n\n<h2 class=\"wp-block-heading\">Qual o hor\u00e1rio da B3 no Carnaval de 2025?<\/h2>\n\n\n<p><\/p>A B3 informou que nos dias 3 e 4 de mar\u00e7o, segunda e ter\u00e7a-feira, n\u00e3o haver\u00e1 negocia\u00e7\u00e3o para os mercados de renda vari\u00e1vel e renda fixa. J\u00e1 na Quarta-feira de Cinzas, dia 5 de mar\u00e7o, as negocia\u00e7\u00f5es come\u00e7ar\u00e3o mais tarde, \u00e0s 13h, com fechamento no hor\u00e1rio usual, \u00e0s 18h.<br \/>\n<div class='article-actions'><span class='report-it'><span class='a' onclick=\"window.open('https:\/\/hdfree.com.br\/perguntaspermanentes\/solicitar-remocao', '_blank')\">Solicita\u00e7\u00e3o de remo\u00e7\u00e3o<\/span><\/span><span class='spacer'>|<\/span><span class='view-url' onclick=\"window.open(reverse('\/serolav-ed-aslob-oiraroh\/golb\/rb.moc.latipacmc\/\/:sptth'), '_blank')\">Veja a resposta completa em cmcapital.com.br<\/span><\/div>\n\n\n\n<h2 class=\"wp-block-heading\">Posso comprar a\u00e7\u00f5es ap\u00f3s \u00e0s 17h?<\/h2>\n\n\n<p><\/p>Desde 4 de novembro de 2024, os investidores t\u00eam uma hora a mais para operar na B3. O hor\u00e1rio da Bolsa de Valores agora vai das 10h \u00e0s 17h55, em vez de encerrar \u00e0s 17h.<br \/>\n<div class='article-actions'><span class='report-it'><span class='a' onclick=\"window.open('https:\/\/hdfree.com.br\/perguntaspermanentes\/solicitar-remocao', '_blank')\">Solicita\u00e7\u00e3o de remo\u00e7\u00e3o<\/span><\/span><span class='spacer'>|<\/span><span class='view-url' onclick=\"window.open(reverse('\/serolav-ed-aslob-oiraroh\/golb\/rb.moc.latipacmc\/\/:sptth'), '_blank')\">Veja a resposta completa em cmcapital.com.br<\/span><\/div>\n\n\n\n<h2 class=\"wp-block-heading\">Qual \u00e9 o hor\u00e1rio da B3 no fim do ano?<\/h2>\n\n\n<p><\/p>J\u00e1 a virada do ano acontece de ter\u00e7a para quarta-feira (1\u00ba), sendo assim, o \u00faltimo preg\u00e3o acontecer\u00e1 na segunda-feira (30). No dia 31, a B3 ir\u00e1 funcionar apenas: Registro de opera\u00e7\u00f5es de t\u00edtulos do agroneg\u00f3cio com hor\u00e1rio reduzido, encerrando-se \u00e0s 12h; Sistema do Segmento Cetip UTVM at\u00e9 \u00e0s 13h.<br \/>\n<div class='article-actions'><span class='report-it'><span class='a' onclick=\"window.open('https:\/\/hdfree.com.br\/perguntaspermanentes\/solicitar-remocao', '_blank')\">Solicita\u00e7\u00e3o de remo\u00e7\u00e3o<\/span><\/span><span class='spacer'>|<\/span><span class='view-url' onclick=\"window.open(reverse('\/serolav-ed-aslob-oiraroh\/golb\/rb.moc.latipacmc\/\/:sptth'), '_blank')\">Veja a resposta completa em cmcapital.com.br<\/span><\/div>\n\n\n\n<h2 class=\"wp-block-heading\">Pode fechar a loja com cliente dentro?<\/h2>\n\n&#8220;O CDC determina que \u00e9 vedado ao fornecedor de produtos ou servi\u00e7os recusar atendimento \u00e0s demandas dos consumidores dentro do hor\u00e1rio de funcionamento (art. 39, II).<br \/>\n<div class='article-actions'><span class='report-it'><span class='a' onclick=\"window.open('https:\/\/hdfree.com.br\/perguntaspermanentes\/solicitar-remocao', '_blank')\">Solicita\u00e7\u00e3o de remo\u00e7\u00e3o<\/span><\/span><span class='spacer'>|<\/span><span class='view-url' onclick=\"window.open(reverse('lmthg.tenretni-an-etabed-areg-ofabased-e-adidneta-e-oan-otnemahcef-od-setna-sotunim-5-ajol-me-artne-rehlum\/01\/4202\/aiciton\/siaicos-seder\/moc.obolg.ngepatsiver\/\/:sptth'), '_blank')\">Veja a resposta completa em revistapegn.globo.com<\/span><\/div>\n\n\n\n<h2 class=\"wp-block-heading\">Pode expulsar cliente do estabelecimento?<\/h2>\n\n\n<p><\/p>O que diz o C\u00f3digo de Defesa do Consumidor? O artigo 71 do C\u00f3digo de Defesa do Consumidor estabelece que \u00e9 crime utilizar qualquer meio para expor o consumidor ao rid\u00edculo ou submet\u00ea-lo a constrangimento desnecess\u00e1rio na cobran\u00e7a de d\u00e9bitos.<br \/>\n<div class='article-actions'><span class='report-it'><span class='a' onclick=\"window.open('https:\/\/hdfree.com.br\/perguntaspermanentes\/solicitar-remocao', '_blank')\">Solicita\u00e7\u00e3o de remo\u00e7\u00e3o<\/span><\/span><span class='spacer'>|<\/span><span class='view-url' onclick=\"window.open(reverse('lmthg.tenretni-an-etabed-areg-ofabased-e-adidneta-e-oan-otnemahcef-od-setna-sotunim-5-ajol-me-artne-rehlum\/01\/4202\/aiciton\/siaicos-seder\/moc.obolg.ngepatsiver\/\/:sptth'), '_blank')\">Veja a resposta completa em revistapegn.globo.com<\/span><\/div>\n\n\n\n<h2 class=\"wp-block-heading\">Quem pode fechar um estabelecimento?<\/h2>\n\n\n<p><\/p>A Vigil\u00e2ncia Sanit\u00e1ria pode fechar um estabelecimento se forem encontradas infra\u00e7\u00f5es graves, como condi\u00e7\u00f5es de higiene inadequadas, risco iminente \u00e0 sa\u00fade p\u00fablica, armazenamento incorreto de alimentos, falta de licen\u00e7a sanit\u00e1ria, e descumprimento de normas sanit\u00e1rias.<br \/>\n<div class='article-actions'><span class='report-it'><span class='a' onclick=\"window.open('https:\/\/hdfree.com.br\/perguntaspermanentes\/solicitar-remocao', '_blank')\">Solicita\u00e7\u00e3o de remo\u00e7\u00e3o<\/span><\/span><span class='spacer'>|<\/span><span class='view-url' onclick=\"window.open(reverse('lmthg.tenretni-an-etabed-areg-ofabased-e-adidneta-e-oan-otnemahcef-od-setna-sotunim-5-ajol-me-artne-rehlum\/01\/4202\/aiciton\/siaicos-seder\/moc.obolg.ngepatsiver\/\/:sptth'), '_blank')\">Veja a resposta completa em revistapegn.globo.com<\/span><\/div>\n\n\n\n<h2 class=\"wp-block-heading\">Posso proibir um cliente de entrar no meu estabelecimento?<\/h2>\n\n\n<p><\/p>O proibir algu\u00e9m de entrar em meu restaurante? A proibi\u00e7\u00e3o de entrada em lojas, bares, restaurantes e baladas pode ser entendida como discriminat\u00f3ria, especialmente se a justificativa estiver pautada na vestimenta, na apar\u00eancia, entre outros.<br \/>\n<div class='article-actions'><span class='report-it'><span class='a' onclick=\"window.open('https:\/\/hdfree.com.br\/perguntaspermanentes\/solicitar-remocao', '_blank')\">Solicita\u00e7\u00e3o de remo\u00e7\u00e3o<\/span><\/span><span class='spacer'>|<\/span><span class='view-url' onclick=\"window.open(reverse('lmthg.tenretni-an-etabed-areg-ofabased-e-adidneta-e-oan-otnemahcef-od-setna-sotunim-5-ajol-me-artne-rehlum\/01\/4202\/aiciton\/siaicos-seder\/moc.obolg.ngepatsiver\/\/:sptth'), '_blank')\">Veja a resposta completa em revistapegn.globo.com<\/span><\/div>\n\n\n\n<h2 class=\"wp-block-heading\">A seguran\u00e7a de loja pode revistar a bolsa de um cliente?<\/h2>\n\n\n<p><\/p>Por lei, o comerciante n\u00e3o pode revistar as bolsas dos clientes a seu bel prazer e talante.<br \/>\n<div class='article-actions'><span class='report-it'><span class='a' onclick=\"window.open('https:\/\/hdfree.com.br\/perguntaspermanentes\/solicitar-remocao', '_blank')\">Solicita\u00e7\u00e3o de remo\u00e7\u00e3o<\/span><\/span><span class='spacer'>|<\/span><span class='view-url' onclick=\"window.open(reverse('lmthg.tenretni-an-etabed-areg-ofabased-e-adidneta-e-oan-otnemahcef-od-setna-sotunim-5-ajol-me-artne-rehlum\/01\/4202\/aiciton\/siaicos-seder\/moc.obolg.ngepatsiver\/\/:sptth'), '_blank')\">Veja a resposta completa em revistapegn.globo.com<\/span><\/div>\n\n\n\n<h2 class=\"wp-block-heading\">Pode fechar loja com cliente dentro?<\/h2>\n\n\n<p><\/p>&#8220;O CDC determina que \u00e9 vedado ao fornecedor de produtos ou servi\u00e7os recusar atendimento \u00e0s demandas dos consumidores dentro do hor\u00e1rio de funcionamento (art. 39, II).<br \/>\n<div class='article-actions'><span class='report-it'><span class='a' onclick=\"window.open('https:\/\/hdfree.com.br\/perguntaspermanentes\/solicitar-remocao', '_blank')\">Solicita\u00e7\u00e3o de remo\u00e7\u00e3o<\/span><\/span><span class='spacer'>|<\/span><span class='view-url' onclick=\"window.open(reverse('lmthg.tenretni-an-etabed-areg-ofabased-e-adidneta-e-oan-otnemahcef-od-setna-sotunim-5-ajol-me-artne-rehlum\/01\/4202\/aiciton\/siaicos-seder\/moc.obolg.ngepatsiver\/\/:sptth'), '_blank')\">Veja a resposta completa em revistapegn.globo.com<\/span><\/div>\n\n\n\n<h2 class=\"wp-block-heading\">O que \u00e9 considerado constrangimento?<\/h2>\n\n\n<p><\/p>O que pode ser considerado constrangimento? Constrangimento \u00e9 qualquer ato ou situa\u00e7\u00e3o que cause desconforto, embara\u00e7o ou sofrimento \u00e0 v\u00edtima. Exemplos incluem humilha\u00e7\u00f5es p\u00fablicas, amea\u00e7as, coa\u00e7\u00e3o e tratamento desrespeitoso. Em casos extremos, configura-se o constrangimento ilegal.<br \/>\n<div class='article-actions'><span class='report-it'><span class='a' onclick=\"window.open('https:\/\/hdfree.com.br\/perguntaspermanentes\/solicitar-remocao', '_blank')\">Solicita\u00e7\u00e3o de remo\u00e7\u00e3o<\/span><\/span><span class='spacer'>|<\/span><span class='view-url' onclick=\"window.open(reverse('lmthg.tenretni-an-etabed-areg-ofabased-e-adidneta-e-oan-otnemahcef-od-setna-sotunim-5-ajol-me-artne-rehlum\/01\/4202\/aiciton\/siaicos-seder\/moc.obolg.ngepatsiver\/\/:sptth'), '_blank')\">Veja a resposta completa em revistapegn.globo.com<\/span><\/div>\n\n","protected":false},"excerpt":{"rendered":"<p>Qual o hor\u00e1rio de fechamento de um supermercado? O supermercado deve seguir a legisla\u00e7\u00e3o vigente do munic\u00edpio em que est\u00e1 localizado. De modo geral, a &#8230;. <\/p>\n","protected":false},"author":1,"featured_media":0,"comment_status":"open","ping_status":"closed","sticky":false,"template":"","format":"standard","meta":{"footnotes":""},"categories":[2],"tags":[],"class_list":["post-24","post","type-post","status-publish","format-standard","hentry","category-perguntas-frequentes"],"yoast_head":"<!-- This site is optimized with the Yoast SEO plugin v25.3.1 - https:\/\/yoast.com\/wordpress\/plugins\/seo\/ -->\n<title>At\u00e9 que horas fica aberto o supermercado mais pr\u00f3ximo - H\u00e1bito Di\u00e1rio Free<\/title>\n<meta name=\"robots\" content=\"index, follow, max-snippet:-1, max-image-preview:large, max-video-preview:-1\" \/>\n<link rel=\"canonical\" href=\"https:\/\/hdfree.com.br\/perguntaspermanentes\/ate-que-horas-fica-aberto-o-supermercado-mais-proximo\/\" \/>\n<meta property=\"og:locale\" content=\"pt_BR\" \/>\n<meta property=\"og:type\" content=\"article\" \/>\n<meta property=\"og:title\" content=\"At\u00e9 que horas fica aberto o supermercado mais pr\u00f3ximo - H\u00e1bito Di\u00e1rio Free\" \/>\n<meta property=\"og:description\" content=\"Qual o hor\u00e1rio de fechamento de um supermercado? O supermercado deve seguir a legisla\u00e7\u00e3o vigente do munic\u00edpio em que est\u00e1 localizado. De modo geral, a ....\" \/>\n<meta property=\"og:url\" content=\"https:\/\/hdfree.com.br\/perguntaspermanentes\/ate-que-horas-fica-aberto-o-supermercado-mais-proximo\/\" \/>\n<meta property=\"og:site_name\" content=\"H\u00e1bito Di\u00e1rio Free\" \/>\n<meta property=\"article:published_time\" content=\"2025-04-20T01:49:56+00:00\" \/>\n<meta name=\"author\" content=\"hdfree\" \/>\n<meta name=\"twitter:card\" content=\"summary_large_image\" \/>\n<meta name=\"twitter:label1\" content=\"Escrito por\" \/>\n\t<meta name=\"twitter:data1\" content=\"hdfree\" \/>\n\t<meta name=\"twitter:label2\" content=\"Est. tempo de leitura\" \/>\n\t<meta name=\"twitter:data2\" content=\"12 minutos\" \/>\n<script type=\"application\/ld+json\" class=\"yoast-schema-graph\">{\"@context\":\"https:\/\/schema.org\",\"@graph\":[{\"@type\":\"Article\",\"@id\":\"https:\/\/hdfree.com.br\/perguntaspermanentes\/ate-que-horas-fica-aberto-o-supermercado-mais-proximo\/#article\",\"isPartOf\":{\"@id\":\"https:\/\/hdfree.com.br\/perguntaspermanentes\/ate-que-horas-fica-aberto-o-supermercado-mais-proximo\/\"},\"author\":{\"name\":\"hdfree\",\"@id\":\"https:\/\/hdfree.com.br\/perguntaspermanentes\/#\/schema\/person\/197b7141929b08ba869e2f3980fb6183\"},\"headline\":\"At\u00e9 que horas fica aberto o supermercado mais pr\u00f3ximo\",\"datePublished\":\"2025-04-20T01:49:56+00:00\",\"mainEntityOfPage\":{\"@id\":\"https:\/\/hdfree.com.br\/perguntaspermanentes\/ate-que-horas-fica-aberto-o-supermercado-mais-proximo\/\"},\"wordCount\":2364,\"commentCount\":0,\"publisher\":{\"@id\":\"https:\/\/hdfree.com.br\/perguntaspermanentes\/#organization\"},\"articleSection\":[\"Perguntas Frequentes\"],\"inLanguage\":\"pt-BR\",\"potentialAction\":[{\"@type\":\"CommentAction\",\"name\":\"Comment\",\"target\":[\"https:\/\/hdfree.com.br\/perguntaspermanentes\/ate-que-horas-fica-aberto-o-supermercado-mais-proximo\/#respond\"]}]},{\"@type\":\"WebPage\",\"@id\":\"https:\/\/hdfree.com.br\/perguntaspermanentes\/ate-que-horas-fica-aberto-o-supermercado-mais-proximo\/\",\"url\":\"https:\/\/hdfree.com.br\/perguntaspermanentes\/ate-que-horas-fica-aberto-o-supermercado-mais-proximo\/\",\"name\":\"At\u00e9 que horas fica aberto o supermercado mais pr\u00f3ximo - H\u00e1bito Di\u00e1rio Free\",\"isPartOf\":{\"@id\":\"https:\/\/hdfree.com.br\/perguntaspermanentes\/#website\"},\"datePublished\":\"2025-04-20T01:49:56+00:00\",\"breadcrumb\":{\"@id\":\"https:\/\/hdfree.com.br\/perguntaspermanentes\/ate-que-horas-fica-aberto-o-supermercado-mais-proximo\/#breadcrumb\"},\"inLanguage\":\"pt-BR\",\"potentialAction\":[{\"@type\":\"ReadAction\",\"target\":[\"https:\/\/hdfree.com.br\/perguntaspermanentes\/ate-que-horas-fica-aberto-o-supermercado-mais-proximo\/\"]}]},{\"@type\":\"BreadcrumbList\",\"@id\":\"https:\/\/hdfree.com.br\/perguntaspermanentes\/ate-que-horas-fica-aberto-o-supermercado-mais-proximo\/#breadcrumb\",\"itemListElement\":[{\"@type\":\"ListItem\",\"position\":1,\"name\":\"In\u00edcio\",\"item\":\"https:\/\/hdfree.com.br\/perguntaspermanentes\/\"},{\"@type\":\"ListItem\",\"position\":2,\"name\":\"At\u00e9 que horas fica aberto o supermercado mais pr\u00f3ximo\"}]},{\"@type\":\"WebSite\",\"@id\":\"https:\/\/hdfree.com.br\/perguntaspermanentes\/#website\",\"url\":\"https:\/\/hdfree.com.br\/perguntaspermanentes\/\",\"name\":\"H\u00e1bito Di\u00e1rio Free\",\"description\":\"Seu site de Not\u00edcias na Web\",\"publisher\":{\"@id\":\"https:\/\/hdfree.com.br\/perguntaspermanentes\/#organization\"},\"potentialAction\":[{\"@type\":\"SearchAction\",\"target\":{\"@type\":\"EntryPoint\",\"urlTemplate\":\"https:\/\/hdfree.com.br\/perguntaspermanentes\/?s={search_term_string}\"},\"query-input\":{\"@type\":\"PropertyValueSpecification\",\"valueRequired\":true,\"valueName\":\"search_term_string\"}}],\"inLanguage\":\"pt-BR\"},{\"@type\":\"Organization\",\"@id\":\"https:\/\/hdfree.com.br\/perguntaspermanentes\/#organization\",\"name\":\"H\u00e1bito Di\u00e1rio Free\",\"url\":\"https:\/\/hdfree.com.br\/perguntaspermanentes\/\",\"logo\":{\"@type\":\"ImageObject\",\"inLanguage\":\"pt-BR\",\"@id\":\"https:\/\/hdfree.com.br\/perguntaspermanentes\/#\/schema\/logo\/image\/\",\"url\":\"https:\/\/hdfree.com.br\/perguntaspermanentes\/wp-content\/uploads\/2025\/04\/cropped-logo-free-HD-2.png\",\"contentUrl\":\"https:\/\/hdfree.com.br\/perguntaspermanentes\/wp-content\/uploads\/2025\/04\/cropped-logo-free-HD-2.png\",\"width\":100,\"height\":40,\"caption\":\"H\u00e1bito Di\u00e1rio Free\"},\"image\":{\"@id\":\"https:\/\/hdfree.com.br\/perguntaspermanentes\/#\/schema\/logo\/image\/\"}},{\"@type\":\"Person\",\"@id\":\"https:\/\/hdfree.com.br\/perguntaspermanentes\/#\/schema\/person\/197b7141929b08ba869e2f3980fb6183\",\"name\":\"hdfree\",\"image\":{\"@type\":\"ImageObject\",\"inLanguage\":\"pt-BR\",\"@id\":\"https:\/\/hdfree.com.br\/perguntaspermanentes\/#\/schema\/person\/image\/\",\"url\":\"https:\/\/secure.gravatar.com\/avatar\/53f64a45a0f4fb6857828ea1ee008ce7922570a4c314f6530bf0e3dfb8dfbe1d?s=96&d=mm&r=g\",\"contentUrl\":\"https:\/\/secure.gravatar.com\/avatar\/53f64a45a0f4fb6857828ea1ee008ce7922570a4c314f6530bf0e3dfb8dfbe1d?s=96&d=mm&r=g\",\"caption\":\"hdfree\"},\"sameAs\":[\"https:\/\/hdfree.com.br\/perguntaspermanentes\"],\"url\":\"https:\/\/hdfree.com.br\/perguntaspermanentes\/author\/hdfree\/\"}]}<\/script>\n<!-- \/ Yoast SEO plugin. -->","yoast_head_json":{"title":"At\u00e9 que horas fica aberto o supermercado mais pr\u00f3ximo - H\u00e1bito Di\u00e1rio Free","robots":{"index":"index","follow":"follow","max-snippet":"max-snippet:-1","max-image-preview":"max-image-preview:large","max-video-preview":"max-video-preview:-1"},"canonical":"https:\/\/hdfree.com.br\/perguntaspermanentes\/ate-que-horas-fica-aberto-o-supermercado-mais-proximo\/","og_locale":"pt_BR","og_type":"article","og_title":"At\u00e9 que horas fica aberto o supermercado mais pr\u00f3ximo - H\u00e1bito Di\u00e1rio Free","og_description":"Qual o hor\u00e1rio de fechamento de um supermercado? O supermercado deve seguir a legisla\u00e7\u00e3o vigente do munic\u00edpio em que est\u00e1 localizado. De modo geral, a ....","og_url":"https:\/\/hdfree.com.br\/perguntaspermanentes\/ate-que-horas-fica-aberto-o-supermercado-mais-proximo\/","og_site_name":"H\u00e1bito Di\u00e1rio Free","article_published_time":"2025-04-20T01:49:56+00:00","author":"hdfree","twitter_card":"summary_large_image","twitter_misc":{"Escrito por":"hdfree","Est. tempo de leitura":"12 minutos"},"schema":{"@context":"https:\/\/schema.org","@graph":[{"@type":"Article","@id":"https:\/\/hdfree.com.br\/perguntaspermanentes\/ate-que-horas-fica-aberto-o-supermercado-mais-proximo\/#article","isPartOf":{"@id":"https:\/\/hdfree.com.br\/perguntaspermanentes\/ate-que-horas-fica-aberto-o-supermercado-mais-proximo\/"},"author":{"name":"hdfree","@id":"https:\/\/hdfree.com.br\/perguntaspermanentes\/#\/schema\/person\/197b7141929b08ba869e2f3980fb6183"},"headline":"At\u00e9 que horas fica aberto o supermercado mais pr\u00f3ximo","datePublished":"2025-04-20T01:49:56+00:00","mainEntityOfPage":{"@id":"https:\/\/hdfree.com.br\/perguntaspermanentes\/ate-que-horas-fica-aberto-o-supermercado-mais-proximo\/"},"wordCount":2364,"commentCount":0,"publisher":{"@id":"https:\/\/hdfree.com.br\/perguntaspermanentes\/#organization"},"articleSection":["Perguntas Frequentes"],"inLanguage":"pt-BR","potentialAction":[{"@type":"CommentAction","name":"Comment","target":["https:\/\/hdfree.com.br\/perguntaspermanentes\/ate-que-horas-fica-aberto-o-supermercado-mais-proximo\/#respond"]}]},{"@type":"WebPage","@id":"https:\/\/hdfree.com.br\/perguntaspermanentes\/ate-que-horas-fica-aberto-o-supermercado-mais-proximo\/","url":"https:\/\/hdfree.com.br\/perguntaspermanentes\/ate-que-horas-fica-aberto-o-supermercado-mais-proximo\/","name":"At\u00e9 que horas fica aberto o supermercado mais pr\u00f3ximo - H\u00e1bito Di\u00e1rio Free","isPartOf":{"@id":"https:\/\/hdfree.com.br\/perguntaspermanentes\/#website"},"datePublished":"2025-04-20T01:49:56+00:00","breadcrumb":{"@id":"https:\/\/hdfree.com.br\/perguntaspermanentes\/ate-que-horas-fica-aberto-o-supermercado-mais-proximo\/#breadcrumb"},"inLanguage":"pt-BR","potentialAction":[{"@type":"ReadAction","target":["https:\/\/hdfree.com.br\/perguntaspermanentes\/ate-que-horas-fica-aberto-o-supermercado-mais-proximo\/"]}]},{"@type":"BreadcrumbList","@id":"https:\/\/hdfree.com.br\/perguntaspermanentes\/ate-que-horas-fica-aberto-o-supermercado-mais-proximo\/#breadcrumb","itemListElement":[{"@type":"ListItem","position":1,"name":"In\u00edcio","item":"https:\/\/hdfree.com.br\/perguntaspermanentes\/"},{"@type":"ListItem","position":2,"name":"At\u00e9 que horas fica aberto o supermercado mais pr\u00f3ximo"}]},{"@type":"WebSite","@id":"https:\/\/hdfree.com.br\/perguntaspermanentes\/#website","url":"https:\/\/hdfree.com.br\/perguntaspermanentes\/","name":"H\u00e1bito Di\u00e1rio Free","description":"Seu site de Not\u00edcias na Web","publisher":{"@id":"https:\/\/hdfree.com.br\/perguntaspermanentes\/#organization"},"potentialAction":[{"@type":"SearchAction","target":{"@type":"EntryPoint","urlTemplate":"https:\/\/hdfree.com.br\/perguntaspermanentes\/?s={search_term_string}"},"query-input":{"@type":"PropertyValueSpecification","valueRequired":true,"valueName":"search_term_string"}}],"inLanguage":"pt-BR"},{"@type":"Organization","@id":"https:\/\/hdfree.com.br\/perguntaspermanentes\/#organization","name":"H\u00e1bito Di\u00e1rio Free","url":"https:\/\/hdfree.com.br\/perguntaspermanentes\/","logo":{"@type":"ImageObject","inLanguage":"pt-BR","@id":"https:\/\/hdfree.com.br\/perguntaspermanentes\/#\/schema\/logo\/image\/","url":"https:\/\/hdfree.com.br\/perguntaspermanentes\/wp-content\/uploads\/2025\/04\/cropped-logo-free-HD-2.png","contentUrl":"https:\/\/hdfree.com.br\/perguntaspermanentes\/wp-content\/uploads\/2025\/04\/cropped-logo-free-HD-2.png","width":100,"height":40,"caption":"H\u00e1bito Di\u00e1rio Free"},"image":{"@id":"https:\/\/hdfree.com.br\/perguntaspermanentes\/#\/schema\/logo\/image\/"}},{"@type":"Person","@id":"https:\/\/hdfree.com.br\/perguntaspermanentes\/#\/schema\/person\/197b7141929b08ba869e2f3980fb6183","name":"hdfree","image":{"@type":"ImageObject","inLanguage":"pt-BR","@id":"https:\/\/hdfree.com.br\/perguntaspermanentes\/#\/schema\/person\/image\/","url":"https:\/\/secure.gravatar.com\/avatar\/53f64a45a0f4fb6857828ea1ee008ce7922570a4c314f6530bf0e3dfb8dfbe1d?s=96&d=mm&r=g","contentUrl":"https:\/\/secure.gravatar.com\/avatar\/53f64a45a0f4fb6857828ea1ee008ce7922570a4c314f6530bf0e3dfb8dfbe1d?s=96&d=mm&r=g","caption":"hdfree"},"sameAs":["https:\/\/hdfree.com.br\/perguntaspermanentes"],"url":"https:\/\/hdfree.com.br\/perguntaspermanentes\/author\/hdfree\/"}]}},"_links":{"self":[{"href":"https:\/\/hdfree.com.br\/perguntaspermanentes\/wp-json\/wp\/v2\/posts\/24","targetHints":{"allow":["GET"]}}],"collection":[{"href":"https:\/\/hdfree.com.br\/perguntaspermanentes\/wp-json\/wp\/v2\/posts"}],"about":[{"href":"https:\/\/hdfree.com.br\/perguntaspermanentes\/wp-json\/wp\/v2\/types\/post"}],"author":[{"embeddable":true,"href":"https:\/\/hdfree.com.br\/perguntaspermanentes\/wp-json\/wp\/v2\/users\/1"}],"replies":[{"embeddable":true,"href":"https:\/\/hdfree.com.br\/perguntaspermanentes\/wp-json\/wp\/v2\/comments?post=24"}],"version-history":[{"count":1,"href":"https:\/\/hdfree.com.br\/perguntaspermanentes\/wp-json\/wp\/v2\/posts\/24\/revisions"}],"predecessor-version":[{"id":25,"href":"https:\/\/hdfree.com.br\/perguntaspermanentes\/wp-json\/wp\/v2\/posts\/24\/revisions\/25"}],"wp:attachment":[{"href":"https:\/\/hdfree.com.br\/perguntaspermanentes\/wp-json\/wp\/v2\/media?parent=24"}],"wp:term":[{"taxonomy":"category","embeddable":true,"href":"https:\/\/hdfree.com.br\/perguntaspermanentes\/wp-json\/wp\/v2\/categories?post=24"},{"taxonomy":"post_tag","embeddable":true,"href":"https:\/\/hdfree.com.br\/perguntaspermanentes\/wp-json\/wp\/v2\/tags?post=24"}],"curies":[{"name":"wp","href":"https:\/\/api.w.org\/{rel}","templated":true}]}}