{"id":26,"date":"2025-04-20T01:50:53","date_gmt":"2025-04-20T01:50:53","guid":{"rendered":"http:\/\/a119afa6-cd1f-45d6-8870-ae597578fb75"},"modified":"2025-04-20T01:50:53","modified_gmt":"2025-04-20T01:50:53","slug":"ate-que-horas-fica-aberta-a-mercearia-mais-proxima","status":"publish","type":"post","link":"https:\/\/hdfree.com.br\/perguntaspermanentes\/ate-que-horas-fica-aberta-a-mercearia-mais-proxima\/","title":{"rendered":"At\u00e9 que horas fica aberta a mercearia mais pr\u00f3xima"},"content":{"rendered":"\n\n<h2 class=\"wp-block-heading\">Que horas mercados fecham?<\/h2>\n\n<p>Mercado1 | Cancelamento de Ofertas | Call de Fechamento<\/p><table border=\"1\"><tr><td>BOVESPA Mais \u2013 Todos os ativos<\/td><td>09:30<\/td><td>17:00<\/td><\/tr><tr><td>BDRs N\u00e3o Patrocinados<\/td><td>09:30<\/td><td>17:05<\/td><\/tr><tr><td>BDRs Patrocinados<\/td><td>09:30<\/td><td>17:00<\/td><\/tr><\/table><br \/>\n<div class='article-actions'><span class='report-it'><span class='a' onclick=\"window.open('https:\/\/hdfree.com.br\/perguntaspermanentes\/solicitar-remocao', '_blank')\">Solicita\u00e7\u00e3o de remo\u00e7\u00e3o<\/span><\/span><span class='spacer'>|<\/span><span class='view-url' onclick=\"window.open(reverse('\/odacremrepus-od-otnemanoicnuf-ed-oiraroh-rinifed-omoc\/rb.moc.sametsisgs\/\/:sptth'), '_blank')\">Veja a resposta completa em sgsistemas.com.br<\/span><\/div>\n\n\n\n<h2 class=\"wp-block-heading\">Que horas fecham os mercados hoje?<\/h2>\n\n\n<p><\/p><p>Mercado1 | Cancelamento de Ofertas | Call de Fechamento<\/p><table border=\"1\"><tr><td>ETFs de renda vari\u00e1vel<\/td><td>09:30<\/td><td>17:15<\/td><\/tr><tr><td>ETFs de renda fixa<\/td><td>09:30<\/td><td>17:15<\/td><\/tr><tr><td>Mercado de balc\u00e3o organizado \u2013 Todos os ativos<\/td><td>09:30<\/td><td>17:00<\/td><\/tr><\/table><br \/>\n<div class='article-actions'><span class='report-it'><span class='a' onclick=\"window.open('https:\/\/hdfree.com.br\/perguntaspermanentes\/solicitar-remocao', '_blank')\">Solicita\u00e7\u00e3o de remo\u00e7\u00e3o<\/span><\/span><span class='spacer'>|<\/span><span class='view-url' onclick=\"window.open(reverse('\/odacremrepus-od-otnemanoicnuf-ed-oiraroh-rinifed-omoc\/rb.moc.sametsisgs\/\/:sptth'), '_blank')\">Veja a resposta completa em sgsistemas.com.br<\/span><\/div>\n\n\n\n<h2 class=\"wp-block-heading\">Que horas o mercado de a\u00e7\u00f5es fecha hoje?<\/h2>\n\n\n<p><\/p>No mercado a termo, as negocia\u00e7\u00f5es v\u00e3o acontecer entre 10h e 18h25, enquanto o mercado de op\u00e7\u00f5es funcionar\u00e1 das 09h45 \u00e0s 17h55. Veja tamb\u00e9m: O que s\u00e3o op\u00e7\u00f5es e como investir neste mercado?<br \/>\n<div class='article-actions'><span class='report-it'><span class='a' onclick=\"window.open('https:\/\/hdfree.com.br\/perguntaspermanentes\/solicitar-remocao', '_blank')\">Solicita\u00e7\u00e3o de remo\u00e7\u00e3o<\/span><\/span><span class='spacer'>|<\/span><span class='view-url' onclick=\"window.open(reverse('\/odacremrepus-od-otnemanoicnuf-ed-oiraroh-rinifed-omoc\/rb.moc.sametsisgs\/\/:sptth'), '_blank')\">Veja a resposta completa em sgsistemas.com.br<\/span><\/div>\n\n\n\n<h2 class=\"wp-block-heading\">Que horas fecha o mercado day trade?<\/h2>\n\n\n<p><\/p>A partir de 10\/03: das 10h \u00e0s 16h55.<br \/>\n<div class='article-actions'><span class='report-it'><span class='a' onclick=\"window.open('https:\/\/hdfree.com.br\/perguntaspermanentes\/solicitar-remocao', '_blank')\">Solicita\u00e7\u00e3o de remo\u00e7\u00e3o<\/span><\/span><span class='spacer'>|<\/span><span class='view-url' onclick=\"window.open(reverse('\/odacremrepus-od-otnemanoicnuf-ed-oiraroh-rinifed-omoc\/rb.moc.sametsisgs\/\/:sptth'), '_blank')\">Veja a resposta completa em sgsistemas.com.br<\/span><\/div>\n\n\n\n<h2 class=\"wp-block-heading\">Que horas fecha o mercado central hoje s\u00e1bado?<\/h2>\n\n\n<p><\/p>Hor\u00e1rios de Funcionamento: Sexta, 18: 08:00 \u00e0s 13:00. S\u00e1bado, 19: 08:00 \u00e0s 18:00. Domingo,20 e feriado de Segunda, 21 &#8211; 08:00 \u00e0s 13:00.<br \/>\n<div class='article-actions'><span class='report-it'><span class='a' onclick=\"window.open('https:\/\/hdfree.com.br\/perguntaspermanentes\/solicitar-remocao', '_blank')\">Solicita\u00e7\u00e3o de remo\u00e7\u00e3o<\/span><\/span><span class='spacer'>|<\/span><span class='view-url' onclick=\"window.open(reverse('\/odacremrepus-od-otnemanoicnuf-ed-oiraroh-rinifed-omoc\/rb.moc.sametsisgs\/\/:sptth'), '_blank')\">Veja a resposta completa em sgsistemas.com.br<\/span><\/div>\n\n\n\n<h2 class=\"wp-block-heading\">Qual o hor\u00e1rio de fechamento de um supermercado?<\/h2>\n\nO supermercado deve seguir a legisla\u00e7\u00e3o vigente do munic\u00edpio em que est\u00e1 localizado. De modo geral, a lei estipula os seguintes hor\u00e1rios: Segunda a s\u00e1bado: abertura \u00e0s 8h e fechamento \u00e0s 20h; Domingo: abertura \u00e0s 8h e fechamento \u00e0s 13h.<br \/>\n<div class='article-actions'><span class='report-it'><span class='a' onclick=\"window.open('https:\/\/hdfree.com.br\/perguntaspermanentes\/solicitar-remocao', '_blank')\">Solicita\u00e7\u00e3o de remo\u00e7\u00e3o<\/span><\/span><span class='spacer'>|<\/span><span class='view-url' onclick=\"window.open(reverse('\/odacremrepus-od-otnemanoicnuf-ed-oiraroh-rinifed-omoc\/rb.moc.sametsisgs\/\/:sptth'), '_blank')\">Veja a resposta completa em sgsistemas.com.br<\/span><\/div>\n\n\n\n<h2 class=\"wp-block-heading\">Como funciona o hor\u00e1rio de supermercado?<\/h2>\n\n\n<p><\/p>Para cumprir a carga hor\u00e1ria semanal com\u00e9rcio, o funcion\u00e1rio deve trabalhar 8 horas e 48 minutos durante a semana, para poder folgar aos s\u00e1bados e domingos. Tamb\u00e9m \u00e9 obrigat\u00f3rio a pausa, conforme escala 5\u00d71.<br \/>\n<div class='article-actions'><span class='report-it'><span class='a' onclick=\"window.open('https:\/\/hdfree.com.br\/perguntaspermanentes\/solicitar-remocao', '_blank')\">Solicita\u00e7\u00e3o de remo\u00e7\u00e3o<\/span><\/span><span class='spacer'>|<\/span><span class='view-url' onclick=\"window.open(reverse('\/odacremrepus-od-otnemanoicnuf-ed-oiraroh-rinifed-omoc\/rb.moc.sametsisgs\/\/:sptth'), '_blank')\">Veja a resposta completa em sgsistemas.com.br<\/span><\/div>\n\n\n\n<h2 class=\"wp-block-heading\">Como funciona a carga hor\u00e1ria em supermercado?<\/h2>\n\n\n<p><\/p>\n\n<ul class=\"wp-block-list\">\n<li>Escala 12\u00d736<\/li>\n<li> O funcion\u00e1rio trabalha 12 horas seguidas e descansa 36 horas. Esse modelo \u00e9 permitido apenas mediante acordo individual escrito ou conven\u00e7\u00e3o coletiva. Embora seja mais comum em setores como sa\u00fade e seguran\u00e7a, pode ser adotado por supermercados, desde que haja regulamenta\u00e7\u00e3o espec\u00edfica da categoria.<\/li>\n<\/ul>\n<div class='article-actions'><span class='report-it'><span class='a' onclick=\"window.open('https:\/\/hdfree.com.br\/perguntaspermanentes\/solicitar-remocao', '_blank')\">Solicita\u00e7\u00e3o de remo\u00e7\u00e3o<\/span><\/span><span class='spacer'>|<\/span><span class='view-url' onclick=\"window.open(reverse('\/odacremrepus-od-otnemanoicnuf-ed-oiraroh-rinifed-omoc\/rb.moc.sametsisgs\/\/:sptth'), '_blank')\">Veja a resposta completa em sgsistemas.com.br<\/span><\/div>\n\n\n\n<h2 class=\"wp-block-heading\">Como definir hor\u00e1rio de funcionamento?<\/h2>\n\n\n<p><\/p>\n\n<ul class=\"wp-block-list\">\n<li>Acesse seu Perfil da Empresa. &#8230;<\/li>\n<li>Toque em Editar perfil. &#8230;<\/li>\n<li>Na parte de cima, toque na guia Hor\u00e1rio de funcionamento.<\/li>\n<li>Em &#8220;Adicionar outros hor\u00e1rios de funcionamento &#8220;, escolha o tipo de hor\u00e1rio que voc\u00ea quer incluir, como &#8220;Drive-thru&#8221;.<\/li>\n<\/ul>\n<div class='article-actions'><span class='report-it'><span class='a' onclick=\"window.open('https:\/\/hdfree.com.br\/perguntaspermanentes\/solicitar-remocao', '_blank')\">Solicita\u00e7\u00e3o de remo\u00e7\u00e3o<\/span><\/span><span class='spacer'>|<\/span><span class='view-url' onclick=\"window.open(reverse('\/odacremrepus-od-otnemanoicnuf-ed-oiraroh-rinifed-omoc\/rb.moc.sametsisgs\/\/:sptth'), '_blank')\">Veja a resposta completa em sgsistemas.com.br<\/span><\/div>\n\n\n\n<h2 class=\"wp-block-heading\">Qual \u00e9 o hor\u00e1rio de trabalho normal em um supermercado?<\/h2>\n\n\n<p><\/p>De acordo com a lei N\u00ba 12.790, que regulamenta a profiss\u00e3o de comerci\u00e1rio e empregados do com\u00e9rcio, a jornada de trabalho normal em supermercados pode ser de at\u00e9 8 horas di\u00e1rias e 44 horas semanais.<br \/>\n<div class='article-actions'><span class='report-it'><span class='a' onclick=\"window.open('https:\/\/hdfree.com.br\/perguntaspermanentes\/solicitar-remocao', '_blank')\">Solicita\u00e7\u00e3o de remo\u00e7\u00e3o<\/span><\/span><span class='spacer'>|<\/span><span class='view-url' onclick=\"window.open(reverse('\/odacremrepus-od-otnemanoicnuf-ed-oiraroh-rinifed-omoc\/rb.moc.sametsisgs\/\/:sptth'), '_blank')\">Veja a resposta completa em sgsistemas.com.br<\/span><\/div>\n\n\n\n<h2 class=\"wp-block-heading\">Qual o hor\u00e1rio comercial por lei?<\/h2>\n\n\n<p><\/p>Ele \u00e9 padronizado para garantir que os consumidores tenham um tempo fixo para resolver suas demandas, ao mesmo tempo em que permite aos funcion\u00e1rios uma rotina previs\u00edvel. Tradicionalmente, esse hor\u00e1rio vai das 9h \u00e0s 18h de segunda a sexta-feira, embora possa variar em fun\u00e7\u00e3o do setor ou localidade.<br \/>\n<div class='article-actions'><span class='report-it'><span class='a' onclick=\"window.open('https:\/\/hdfree.com.br\/perguntaspermanentes\/solicitar-remocao', '_blank')\">Solicita\u00e7\u00e3o de remo\u00e7\u00e3o<\/span><\/span><span class='spacer'>|<\/span><span class='view-url' onclick=\"window.open(reverse('\/odacremrepus-od-otnemanoicnuf-ed-oiraroh-rinifed-omoc\/rb.moc.sametsisgs\/\/:sptth'), '_blank')\">Veja a resposta completa em sgsistemas.com.br<\/span><\/div>\n\n\n\n<h2 class=\"wp-block-heading\">Como funciona o mercado 24 horas?<\/h2>\n\nO mercado conveni\u00eancia nada mais \u00e9 do que um espa\u00e7o feito especialmente para os pr\u00f3prios cond\u00f4minos e que funciona durante 24 horas, facilitando o dia dia dos moradores, permitindo que os mesmo comprem itens que est\u00e3o faltando na sua dispensa, ou at\u00e9 mesmo itens pontuais para fazer uma receita, carv\u00e3o para o churrasco, &#8230;<br \/>\n<div class='article-actions'><span class='report-it'><span class='a' onclick=\"window.open('https:\/\/hdfree.com.br\/perguntaspermanentes\/solicitar-remocao', '_blank')\">Solicita\u00e7\u00e3o de remo\u00e7\u00e3o<\/span><\/span><span class='spacer'>|<\/span><span class='view-url' onclick=\"window.open(reverse('oinimodnoc-aicneinevnoc-odacrem\/rb.moc.augatac\/\/:sptth'), '_blank')\">Veja a resposta completa em catagua.com.br<\/span><\/div>\n\n\n\n<h2 class=\"wp-block-heading\">Como funciona um mercado 24 horas?<\/h2>\n\n\n<p><\/p>O mercado conveni\u00eancia nada mais \u00e9 do que um espa\u00e7o feito especialmente para os pr\u00f3prios cond\u00f4minos e que funciona durante 24 horas, facilitando o dia dia dos moradores, permitindo que os mesmo comprem itens que est\u00e3o faltando na sua dispensa, ou at\u00e9 mesmo itens pontuais para fazer uma receita, carv\u00e3o para o churrasco, &#8230;<br \/>\n<div class='article-actions'><span class='report-it'><span class='a' onclick=\"window.open('https:\/\/hdfree.com.br\/perguntaspermanentes\/solicitar-remocao', '_blank')\">Solicita\u00e7\u00e3o de remo\u00e7\u00e3o<\/span><\/span><span class='spacer'>|<\/span><span class='view-url' onclick=\"window.open(reverse('oinimodnoc-aicneinevnoc-odacrem\/rb.moc.augatac\/\/:sptth'), '_blank')\">Veja a resposta completa em catagua.com.br<\/span><\/div>\n\n\n\n<h2 class=\"wp-block-heading\">O que significa funcionamento 24 horas?<\/h2>\n\n\n<p><\/p>O funcionamento 24\/7 \u00e9 um termo amplamente utilizado no mundo dos neg\u00f3cios e da tecnologia. Significa que um determinado servi\u00e7o ou sistema est\u00e1 dispon\u00edvel 24 horas por dia, 7 dias por semana, sem interrup\u00e7\u00f5es.<br \/>\n<div class='article-actions'><span class='report-it'><span class='a' onclick=\"window.open('https:\/\/hdfree.com.br\/perguntaspermanentes\/solicitar-remocao', '_blank')\">Solicita\u00e7\u00e3o de remo\u00e7\u00e3o<\/span><\/span><span class='spacer'>|<\/span><span class='view-url' onclick=\"window.open(reverse('oinimodnoc-aicneinevnoc-odacrem\/rb.moc.augatac\/\/:sptth'), '_blank')\">Veja a resposta completa em catagua.com.br<\/span><\/div>\n\n\n\n<h2 class=\"wp-block-heading\">Que horas abre o mercado local?<\/h2>\n\n\n<p><\/p>Segunda a S\u00e1bado das 6h \u00e0s 18h e Domingo das 6h \u00e0s 16h.<br \/>\n<div class='article-actions'><span class='report-it'><span class='a' onclick=\"window.open('https:\/\/hdfree.com.br\/perguntaspermanentes\/solicitar-remocao', '_blank')\">Solicita\u00e7\u00e3o de remo\u00e7\u00e3o<\/span><\/span><span class='spacer'>|<\/span><span class='view-url' onclick=\"window.open(reverse('oinimodnoc-aicneinevnoc-odacrem\/rb.moc.augatac\/\/:sptth'), '_blank')\">Veja a resposta completa em catagua.com.br<\/span><\/div>\n\n\n\n<h2 class=\"wp-block-heading\">Quantas horas trabalha o mercado?<\/h2>\n\n\n<p><\/p>O tempo de trabalho dos funcion\u00e1rios de um supermercado \u00e9 o mesmo dos outros trabalhadores, 8 horas di\u00e1rias e 44 horas semanais, conforme estabelecido pela CLT.<br \/>\n<div class='article-actions'><span class='report-it'><span class='a' onclick=\"window.open('https:\/\/hdfree.com.br\/perguntaspermanentes\/solicitar-remocao', '_blank')\">Solicita\u00e7\u00e3o de remo\u00e7\u00e3o<\/span><\/span><span class='spacer'>|<\/span><span class='view-url' onclick=\"window.open(reverse('oinimodnoc-aicneinevnoc-odacrem\/rb.moc.augatac\/\/:sptth'), '_blank')\">Veja a resposta completa em catagua.com.br<\/span><\/div>\n\n\n\n<h2 class=\"wp-block-heading\">Qual \u00e9 a carga hor\u00e1ria de um mercado?<\/h2>\n\n\n<p><\/p>No com\u00e9rcio, e em outros setores da economia, a carga hor\u00e1ria semanal deve ser distribu\u00edda de forma a cumprir as 44 horas exigidas por lei. Em geral, a distribui\u00e7\u00e3o \u00e9 feita de 8 horas por dia, de segunda a sexta-feira, e 4 horas aos s\u00e1bados, garantindo assim o cumprimento da carga hor\u00e1ria semanal.<br \/>\n<div class='article-actions'><span class='report-it'><span class='a' onclick=\"window.open('https:\/\/hdfree.com.br\/perguntaspermanentes\/solicitar-remocao', '_blank')\">Solicita\u00e7\u00e3o de remo\u00e7\u00e3o<\/span><\/span><span class='spacer'>|<\/span><span class='view-url' onclick=\"window.open(reverse('oinimodnoc-aicneinevnoc-odacrem\/rb.moc.augatac\/\/:sptth'), '_blank')\">Veja a resposta completa em catagua.com.br<\/span><\/div>\n\n\n\n<h2 class=\"wp-block-heading\">Quanto tempo se trabalha em mercado?<\/h2>\n\n\n<p><\/p>Conforme normas previstas na CLT o colaborador deve trabalhar no m\u00eas, 220 horas. Portanto, para cumprir a carga hor\u00e1ria estabelecida, \u00e9 necess\u00e1rio que ele trabalhe 44 horas por semana.<br \/>\n<div class='article-actions'><span class='report-it'><span class='a' onclick=\"window.open('https:\/\/hdfree.com.br\/perguntaspermanentes\/solicitar-remocao', '_blank')\">Solicita\u00e7\u00e3o de remo\u00e7\u00e3o<\/span><\/span><span class='spacer'>|<\/span><span class='view-url' onclick=\"window.open(reverse('oinimodnoc-aicneinevnoc-odacrem\/rb.moc.augatac\/\/:sptth'), '_blank')\">Veja a resposta completa em catagua.com.br<\/span><\/div>\n\n\n\n<h2 class=\"wp-block-heading\">Como funcionam os hor\u00e1rios de supermercado?<\/h2>\n\nOs supermercados costumam funcionar das 7h \u00e0s 22h aos s\u00e1bado. Os shoppings v\u00e3o das 10h \u00e0s 22h e servi\u00e7os de sa\u00fade das 8h \u00e0s 12h ou at\u00e9 14h. No s\u00e1bado, ele varia conforme o setor e a regi\u00e3o. Portanto, \u00e9 importante que voc\u00ea confirme os hor\u00e1rios de funcionamento de cada setor aos s\u00e1bados na sua localidade.<br \/>\n<div class='article-actions'><span class='report-it'><span class='a' onclick=\"window.open('https:\/\/hdfree.com.br\/perguntaspermanentes\/solicitar-remocao', '_blank')\">Solicita\u00e7\u00e3o de remo\u00e7\u00e3o<\/span><\/span><span class='spacer'>|<\/span><span class='view-url' onclick=\"window.open(reverse('\/laicremoc-oiraroh\/golb\/rb.moc.enilnoassemer.www\/\/:sptth'), '_blank')\">Veja a resposta completa em www.remessaonline.com.br<\/span><\/div>\n\n\n\n<h2 class=\"wp-block-heading\">Como funciona a escala 6&#215;1 em um supermercado?<\/h2>\n\n\n<p><\/p>A escala de trabalho 6&#215;1 \u2014 em que se trabalha por seis dias na semana e folga em um \u2014 \u00e9 uma das mais comuns no Brasil, adotada comumente na ind\u00fastria, no com\u00e9rcio, em restaurantes e mercados, por exemplo.<br \/>\n<div class='article-actions'><span class='report-it'><span class='a' onclick=\"window.open('https:\/\/hdfree.com.br\/perguntaspermanentes\/solicitar-remocao', '_blank')\">Solicita\u00e7\u00e3o de remo\u00e7\u00e3o<\/span><\/span><span class='spacer'>|<\/span><span class='view-url' onclick=\"window.open(reverse('\/laicremoc-oiraroh\/golb\/rb.moc.enilnoassemer.www\/\/:sptth'), '_blank')\">Veja a resposta completa em www.remessaonline.com.br<\/span><\/div>\n\n\n\n<h2 class=\"wp-block-heading\">Como funciona o hor\u00e1rio de trabalho no mercado?<\/h2>\n\n\n<p><\/p>Como \u00e9 a jornada de trabalho em supermercados? De acordo com a lei N\u00ba 12.790, que regulamenta a profiss\u00e3o de comerci\u00e1rio e empregados do com\u00e9rcio, a jornada de trabalho normal em supermercados pode ser de at\u00e9 8 horas di\u00e1rias e 44 horas semanais.<br \/>\n<div class='article-actions'><span class='report-it'><span class='a' onclick=\"window.open('https:\/\/hdfree.com.br\/perguntaspermanentes\/solicitar-remocao', '_blank')\">Solicita\u00e7\u00e3o de remo\u00e7\u00e3o<\/span><\/span><span class='spacer'>|<\/span><span class='view-url' onclick=\"window.open(reverse('\/laicremoc-oiraroh\/golb\/rb.moc.enilnoassemer.www\/\/:sptth'), '_blank')\">Veja a resposta completa em www.remessaonline.com.br<\/span><\/div>\n\n\n\n<h2 class=\"wp-block-heading\">Quem trabalha das 6 as 14 trabalha quantas horas?<\/h2>\n\n\n<p><\/p>Trabalho das 06:00 as 14:00, como trabalhar 44 horas semanai.<br \/>\n<div class='article-actions'><span class='report-it'><span class='a' onclick=\"window.open('https:\/\/hdfree.com.br\/perguntaspermanentes\/solicitar-remocao', '_blank')\">Solicita\u00e7\u00e3o de remo\u00e7\u00e3o<\/span><\/span><span class='spacer'>|<\/span><span class='view-url' onclick=\"window.open(reverse('\/laicremoc-oiraroh\/golb\/rb.moc.enilnoassemer.www\/\/:sptth'), '_blank')\">Veja a resposta completa em www.remessaonline.com.br<\/span><\/div>\n\n\n\n<h2 class=\"wp-block-heading\">O que fecha no dia 2 de novembro?<\/h2>\n\nDia 2 de novembro &#8211; Dia de Finados . O respons\u00e1vel por instituir uma data espec\u00edfica para os mortos, foi o monge beneditino Odilo (ou Odilon) de Cluny, no per\u00edodo da Idade M\u00e9dia, na Fran\u00e7a.<br \/>\n<div class='article-actions'><span class='report-it'><span class='a' onclick=\"window.open('https:\/\/hdfree.com.br\/perguntaspermanentes\/solicitar-remocao', '_blank')\">Solicita\u00e7\u00e3o de remo\u00e7\u00e3o<\/span><\/span><span class='spacer'>|<\/span><span class='view-url' onclick=\"window.open(reverse('\/s-sodanif-ed-aid-on-ahcef-e-erba-euq-o-ajev-lanoican-odairef-e-orbmevon-ed-2\/pop\/moc.emaxe\/\/:sptth'), '_blank')\">Veja a resposta completa em exame.com<\/span><\/div>\n\n\n\n<h2 class=\"wp-block-heading\">O que abre no dia 2 de novembro?<\/h2>\n\n\n<p><\/p>No dia 2 de novembro os hospitais, prontos-socorros e os servi\u00e7os de Assist\u00eancia M\u00e9dica Ambulatorial (AMA) funcionar\u00e3o o dia todo, ininterruptamente. As AMAs tradicionais abrem de segunda a s\u00e1bado, inclusive no dia 2 de novembro, das 7 \u00e0s 19 horas.<br \/>\n<div class='article-actions'><span class='report-it'><span class='a' onclick=\"window.open('https:\/\/hdfree.com.br\/perguntaspermanentes\/solicitar-remocao', '_blank')\">Solicita\u00e7\u00e3o de remo\u00e7\u00e3o<\/span><\/span><span class='spacer'>|<\/span><span class='view-url' onclick=\"window.open(reverse('\/s-sodanif-ed-aid-on-ahcef-e-erba-euq-o-ajev-lanoican-odairef-e-orbmevon-ed-2\/pop\/moc.emaxe\/\/:sptth'), '_blank')\">Veja a resposta completa em exame.com<\/span><\/div>\n\n\n\n<h2 class=\"wp-block-heading\">O que fecha o Dia de Finados?<\/h2>\n\n\n<p><\/p>Dia dos Fi\u00e9is Defuntos, Dia de Finados ou Dia dos Mortos \u00e9 uma data que a Igreja Cat\u00f3lica dedica aos mortos e suas almas, no dia 2 de novembro de cada ano.<br \/>\n<div class='article-actions'><span class='report-it'><span class='a' onclick=\"window.open('https:\/\/hdfree.com.br\/perguntaspermanentes\/solicitar-remocao', '_blank')\">Solicita\u00e7\u00e3o de remo\u00e7\u00e3o<\/span><\/span><span class='spacer'>|<\/span><span class='view-url' onclick=\"window.open(reverse('\/s-sodanif-ed-aid-on-ahcef-e-erba-euq-o-ajev-lanoican-odairef-e-orbmevon-ed-2\/pop\/moc.emaxe\/\/:sptth'), '_blank')\">Veja a resposta completa em exame.com<\/span><\/div>\n\n\n\n<h2 class=\"wp-block-heading\">Pode trabalhar no dia 2 de novembro?<\/h2>\n\n\n<p><\/p>Em semanas como a pr\u00f3xima, em que o s\u00e1bado ser\u00e1 de feriado nacional, dia 2 de novembro, Dia de Finados, o trabalhador n\u00e3o precisa nem deve compensar o s\u00e1bado. Mas caso isso aconte\u00e7a deve receber as horas trabalhadas na forma de compensa\u00e7\u00e3o, como hora-extra 100%.<br \/>\n<div class='article-actions'><span class='report-it'><span class='a' onclick=\"window.open('https:\/\/hdfree.com.br\/perguntaspermanentes\/solicitar-remocao', '_blank')\">Solicita\u00e7\u00e3o de remo\u00e7\u00e3o<\/span><\/span><span class='spacer'>|<\/span><span class='view-url' onclick=\"window.open(reverse('\/s-sodanif-ed-aid-on-ahcef-e-erba-euq-o-ajev-lanoican-odairef-e-orbmevon-ed-2\/pop\/moc.emaxe\/\/:sptth'), '_blank')\">Veja a resposta completa em exame.com<\/span><\/div>\n\n\n\n<h2 class=\"wp-block-heading\">O dia 2 de novembro \u00e9 um ponto facultativo?<\/h2>\n\n\n<p><\/p>De acordo com a Portaria n\u00ba 29, de 2021 do Senado Federal, o dia 2 de novembro, data dedicada ao dia de finados, \u00e9 feriado nacional. Com isso, a folga para trabalhadores \u00e9 obrigat\u00f3ria, com exce\u00e7\u00f5es para servi\u00e7os essenciais como hospitais, transporte p\u00fablico, entre outros.<br \/>\n<div class='article-actions'><span class='report-it'><span class='a' onclick=\"window.open('https:\/\/hdfree.com.br\/perguntaspermanentes\/solicitar-remocao', '_blank')\">Solicita\u00e7\u00e3o de remo\u00e7\u00e3o<\/span><\/span><span class='spacer'>|<\/span><span class='view-url' onclick=\"window.open(reverse('\/s-sodanif-ed-aid-on-ahcef-e-erba-euq-o-ajev-lanoican-odairef-e-orbmevon-ed-2\/pop\/moc.emaxe\/\/:sptth'), '_blank')\">Veja a resposta completa em exame.com<\/span><\/div>\n\n\n\n<h2 class=\"wp-block-heading\">O que funciona no dia 2 de Finados?<\/h2>\n\n\n<p><\/p>Os servi\u00e7os municipais operam em um esquema especial em fun\u00e7\u00e3o do feriado de Finados, nesta quinta-feira (2). Os hospitais, prontos-socorros e Unidades de Pronto Atendimento (UPAs) funcionar\u00e3o o dia todo, ininterruptamente.<br \/>\n<div class='article-actions'><span class='report-it'><span class='a' onclick=\"window.open('https:\/\/hdfree.com.br\/perguntaspermanentes\/solicitar-remocao', '_blank')\">Solicita\u00e7\u00e3o de remo\u00e7\u00e3o<\/span><\/span><span class='spacer'>|<\/span><span class='view-url' onclick=\"window.open(reverse('\/s-sodanif-ed-aid-on-ahcef-e-erba-euq-o-ajev-lanoican-odairef-e-orbmevon-ed-2\/pop\/moc.emaxe\/\/:sptth'), '_blank')\">Veja a resposta completa em exame.com<\/span><\/div>\n\n\n\n<h2 class=\"wp-block-heading\">O Nubank funciona no feriado de 2 de novembro?<\/h2>\n\n\n<p><\/p>Mas, assim como outras institui\u00e7\u00f5es financeiras, alguns servi\u00e7os do Nubank n\u00e3o funcionam no feriado. \u00c9 o caso de transfer\u00eancias via TED, resgate de investimentos para renda fixa, vari\u00e1vel, fundos (incluindo Nu Reserva Imediata) e resgate das Caixinhas com RDB resgate di\u00e1rio.<br \/>\n<div class='article-actions'><span class='report-it'><span class='a' onclick=\"window.open('https:\/\/hdfree.com.br\/perguntaspermanentes\/solicitar-remocao', '_blank')\">Solicita\u00e7\u00e3o de remo\u00e7\u00e3o<\/span><\/span><span class='spacer'>|<\/span><span class='view-url' onclick=\"window.open(reverse('\/s-sodanif-ed-aid-on-ahcef-e-erba-euq-o-ajev-lanoican-odairef-e-orbmevon-ed-2\/pop\/moc.emaxe\/\/:sptth'), '_blank')\">Veja a resposta completa em exame.com<\/span><\/div>\n\n\n\n<h2 class=\"wp-block-heading\">Como funciona o hor\u00e1rio do com\u00e9rcio?<\/h2>\n\nO hor\u00e1rio comercial corresponde ao per\u00edodo no qual empresas, lojas, escrit\u00f3rios e reparti\u00e7\u00f5es p\u00fablicas costumam operar diariamente. Geralmente, ele abrange o per\u00edodo das 8h \u00e0s 18h, com uma pausa para o almo\u00e7o entre 12h e 14h.<br \/>\n<div class='article-actions'><span class='report-it'><span class='a' onclick=\"window.open('https:\/\/hdfree.com.br\/perguntaspermanentes\/solicitar-remocao', '_blank')\">Solicita\u00e7\u00e3o de remo\u00e7\u00e3o<\/span><\/span><span class='spacer'>|<\/span><span class='view-url' onclick=\"window.open(reverse('\/laicremoc-oiraroh-e-euq-o\/golb\/rb.moc.odutuem\/\/:sptth'), '_blank')\">Veja a resposta completa em meutudo.com.br<\/span><\/div>\n\n\n\n<h2 class=\"wp-block-heading\">Como funciona o hor\u00e1rio de com\u00e9rcio?<\/h2>\n\n\n<p><\/p>Segundo a Consolida\u00e7\u00e3o das Leis do Trabalho (CLT), a carga hor\u00e1ria m\u00e1xima permitida para os trabalhadores formais \u00e9 de 8 horas di\u00e1rias e 44 horas semanais. A carga di\u00e1ria pode ser estendida em at\u00e9, no m\u00e1ximo, 2 horas. Essas horas a mais, s\u00e3o chamadas de horas extraordin\u00e1rias, ou, horas extras.<br \/>\n<div class='article-actions'><span class='report-it'><span class='a' onclick=\"window.open('https:\/\/hdfree.com.br\/perguntaspermanentes\/solicitar-remocao', '_blank')\">Solicita\u00e7\u00e3o de remo\u00e7\u00e3o<\/span><\/span><span class='spacer'>|<\/span><span class='view-url' onclick=\"window.open(reverse('\/laicremoc-oiraroh-e-euq-o\/golb\/rb.moc.odutuem\/\/:sptth'), '_blank')\">Veja a resposta completa em meutudo.com.br<\/span><\/div>\n\n\n\n<h2 class=\"wp-block-heading\">Qual hor\u00e1rio \u00e9 considerado hor\u00e1rio comercial?<\/h2>\n\n\n<p><\/p>O hor\u00e1rio comercial mais comum adotado pelas empresas \u00e9 das 9h \u00e0s 18h, de segunda a sexta-feira. No Brasil, no entanto, n\u00e3o h\u00e1 uma legisla\u00e7\u00e3o federal que defina um padr\u00e3o para todos os setores e pode variar conforme a localidade.<br \/>\n<div class='article-actions'><span class='report-it'><span class='a' onclick=\"window.open('https:\/\/hdfree.com.br\/perguntaspermanentes\/solicitar-remocao', '_blank')\">Solicita\u00e7\u00e3o de remo\u00e7\u00e3o<\/span><\/span><span class='spacer'>|<\/span><span class='view-url' onclick=\"window.open(reverse('\/laicremoc-oiraroh-e-euq-o\/golb\/rb.moc.odutuem\/\/:sptth'), '_blank')\">Veja a resposta completa em meutudo.com.br<\/span><\/div>\n\n\n\n<h2 class=\"wp-block-heading\">Como vai funcionar o com\u00e9rcio no carnaval de 2025?<\/h2>\n\n\n<p><\/p>O hor\u00e1rio de funcionamento do shopping no carnaval pode variar de acordo com as pol\u00edticas de cada loja, mas os shoppings centers costumam manter as pra\u00e7as de alimenta\u00e7\u00e3o e \u00e1reas de lazer abertas. Supermercados e outros servi\u00e7os essenciais podem funcionar em hor\u00e1rios especiais.<br \/>\n<div class='article-actions'><span class='report-it'><span class='a' onclick=\"window.open('https:\/\/hdfree.com.br\/perguntaspermanentes\/solicitar-remocao', '_blank')\">Solicita\u00e7\u00e3o de remo\u00e7\u00e3o<\/span><\/span><span class='spacer'>|<\/span><span class='view-url' onclick=\"window.open(reverse('\/laicremoc-oiraroh-e-euq-o\/golb\/rb.moc.odutuem\/\/:sptth'), '_blank')\">Veja a resposta completa em meutudo.com.br<\/span><\/div>\n\n\n\n<h2 class=\"wp-block-heading\">Como dividir as 44 horas de trabalho semanal em 5 dias?<\/h2>\n\n\n<p><\/p>\n\n<ul class=\"wp-block-list\">\n<li>Primeiro, pegue o total de horas semanais, que \u00e9 44 horas.<\/li>\n<li>Depois, divida esse n\u00famero pelo total de dias de trabalho na semana, que s\u00e3o 5 dias.<\/li>\n<\/ul>\n<div class='article-actions'><span class='report-it'><span class='a' onclick=\"window.open('https:\/\/hdfree.com.br\/perguntaspermanentes\/solicitar-remocao', '_blank')\">Solicita\u00e7\u00e3o de remo\u00e7\u00e3o<\/span><\/span><span class='spacer'>|<\/span><span class='view-url' onclick=\"window.open(reverse('\/laicremoc-oiraroh-e-euq-o\/golb\/rb.moc.odutuem\/\/:sptth'), '_blank')\">Veja a resposta completa em meutudo.com.br<\/span><\/div>\n\n\n\n<h2 class=\"wp-block-heading\">\u00c9 permitido trabalhar 9 horas por dia?<\/h2>\n\n\n<p><\/p>Trabalhar 9 horas por dia \u00e9 permitido, mas uma regra deve ser seguida para que o trabalhador n\u00e3o seja prejudicado. Saiba tamb\u00e9m: Como calcular hora extra? Todo o per\u00edodo trabalhado acima das 8 horas di\u00e1rias deve ser pago como hora extra, inclusive com adicional m\u00ednimo de 50%.<br \/>\n<div class='article-actions'><span class='report-it'><span class='a' onclick=\"window.open('https:\/\/hdfree.com.br\/perguntaspermanentes\/solicitar-remocao', '_blank')\">Solicita\u00e7\u00e3o de remo\u00e7\u00e3o<\/span><\/span><span class='spacer'>|<\/span><span class='view-url' onclick=\"window.open(reverse('\/laicremoc-oiraroh-e-euq-o\/golb\/rb.moc.odutuem\/\/:sptth'), '_blank')\">Veja a resposta completa em meutudo.com.br<\/span><\/div>\n\n","protected":false},"excerpt":{"rendered":"<p>Que horas mercados fecham? Mercado1 | Cancelamento de Ofertas | Call de Fechamento BOVESPA Mais \u2013 Todos os ativos 09:30 17:00 BDRs N\u00e3o Patrocinados 09:30 &#8230;. <\/p>\n","protected":false},"author":1,"featured_media":0,"comment_status":"open","ping_status":"closed","sticky":false,"template":"","format":"standard","meta":{"footnotes":""},"categories":[2],"tags":[],"class_list":["post-26","post","type-post","status-publish","format-standard","hentry","category-perguntas-frequentes"],"yoast_head":"<!-- This site is optimized with the Yoast SEO plugin v25.3.1 - https:\/\/yoast.com\/wordpress\/plugins\/seo\/ -->\n<title>At\u00e9 que horas fica aberta a mercearia mais pr\u00f3xima - H\u00e1bito Di\u00e1rio Free<\/title>\n<meta name=\"robots\" content=\"index, follow, max-snippet:-1, max-image-preview:large, max-video-preview:-1\" \/>\n<link rel=\"canonical\" href=\"https:\/\/hdfree.com.br\/perguntaspermanentes\/ate-que-horas-fica-aberta-a-mercearia-mais-proxima\/\" \/>\n<meta property=\"og:locale\" content=\"pt_BR\" \/>\n<meta property=\"og:type\" content=\"article\" \/>\n<meta property=\"og:title\" content=\"At\u00e9 que horas fica aberta a mercearia mais pr\u00f3xima - H\u00e1bito Di\u00e1rio Free\" \/>\n<meta property=\"og:description\" content=\"Que horas mercados fecham? Mercado1 | Cancelamento de Ofertas | Call de Fechamento BOVESPA Mais \u2013 Todos os ativos 09:30 17:00 BDRs N\u00e3o Patrocinados 09:30 ....\" \/>\n<meta property=\"og:url\" content=\"https:\/\/hdfree.com.br\/perguntaspermanentes\/ate-que-horas-fica-aberta-a-mercearia-mais-proxima\/\" \/>\n<meta property=\"og:site_name\" content=\"H\u00e1bito Di\u00e1rio Free\" \/>\n<meta property=\"article:published_time\" content=\"2025-04-20T01:50:53+00:00\" \/>\n<meta name=\"author\" content=\"hdfree\" \/>\n<meta name=\"twitter:card\" content=\"summary_large_image\" \/>\n<meta name=\"twitter:label1\" content=\"Escrito por\" \/>\n\t<meta name=\"twitter:data1\" content=\"hdfree\" \/>\n\t<meta name=\"twitter:label2\" content=\"Est. tempo de leitura\" \/>\n\t<meta name=\"twitter:data2\" content=\"9 minutos\" \/>\n<script type=\"application\/ld+json\" class=\"yoast-schema-graph\">{\"@context\":\"https:\/\/schema.org\",\"@graph\":[{\"@type\":\"Article\",\"@id\":\"https:\/\/hdfree.com.br\/perguntaspermanentes\/ate-que-horas-fica-aberta-a-mercearia-mais-proxima\/#article\",\"isPartOf\":{\"@id\":\"https:\/\/hdfree.com.br\/perguntaspermanentes\/ate-que-horas-fica-aberta-a-mercearia-mais-proxima\/\"},\"author\":{\"name\":\"hdfree\",\"@id\":\"https:\/\/hdfree.com.br\/perguntaspermanentes\/#\/schema\/person\/197b7141929b08ba869e2f3980fb6183\"},\"headline\":\"At\u00e9 que horas fica aberta a mercearia mais pr\u00f3xima\",\"datePublished\":\"2025-04-20T01:50:53+00:00\",\"mainEntityOfPage\":{\"@id\":\"https:\/\/hdfree.com.br\/perguntaspermanentes\/ate-que-horas-fica-aberta-a-mercearia-mais-proxima\/\"},\"wordCount\":1843,\"commentCount\":0,\"publisher\":{\"@id\":\"https:\/\/hdfree.com.br\/perguntaspermanentes\/#organization\"},\"articleSection\":[\"Perguntas Frequentes\"],\"inLanguage\":\"pt-BR\",\"potentialAction\":[{\"@type\":\"CommentAction\",\"name\":\"Comment\",\"target\":[\"https:\/\/hdfree.com.br\/perguntaspermanentes\/ate-que-horas-fica-aberta-a-mercearia-mais-proxima\/#respond\"]}]},{\"@type\":\"WebPage\",\"@id\":\"https:\/\/hdfree.com.br\/perguntaspermanentes\/ate-que-horas-fica-aberta-a-mercearia-mais-proxima\/\",\"url\":\"https:\/\/hdfree.com.br\/perguntaspermanentes\/ate-que-horas-fica-aberta-a-mercearia-mais-proxima\/\",\"name\":\"At\u00e9 que horas fica aberta a mercearia mais pr\u00f3xima - H\u00e1bito Di\u00e1rio Free\",\"isPartOf\":{\"@id\":\"https:\/\/hdfree.com.br\/perguntaspermanentes\/#website\"},\"datePublished\":\"2025-04-20T01:50:53+00:00\",\"breadcrumb\":{\"@id\":\"https:\/\/hdfree.com.br\/perguntaspermanentes\/ate-que-horas-fica-aberta-a-mercearia-mais-proxima\/#breadcrumb\"},\"inLanguage\":\"pt-BR\",\"potentialAction\":[{\"@type\":\"ReadAction\",\"target\":[\"https:\/\/hdfree.com.br\/perguntaspermanentes\/ate-que-horas-fica-aberta-a-mercearia-mais-proxima\/\"]}]},{\"@type\":\"BreadcrumbList\",\"@id\":\"https:\/\/hdfree.com.br\/perguntaspermanentes\/ate-que-horas-fica-aberta-a-mercearia-mais-proxima\/#breadcrumb\",\"itemListElement\":[{\"@type\":\"ListItem\",\"position\":1,\"name\":\"In\u00edcio\",\"item\":\"https:\/\/hdfree.com.br\/perguntaspermanentes\/\"},{\"@type\":\"ListItem\",\"position\":2,\"name\":\"At\u00e9 que horas fica aberta a mercearia mais pr\u00f3xima\"}]},{\"@type\":\"WebSite\",\"@id\":\"https:\/\/hdfree.com.br\/perguntaspermanentes\/#website\",\"url\":\"https:\/\/hdfree.com.br\/perguntaspermanentes\/\",\"name\":\"H\u00e1bito Di\u00e1rio Free\",\"description\":\"Seu site de Not\u00edcias na Web\",\"publisher\":{\"@id\":\"https:\/\/hdfree.com.br\/perguntaspermanentes\/#organization\"},\"potentialAction\":[{\"@type\":\"SearchAction\",\"target\":{\"@type\":\"EntryPoint\",\"urlTemplate\":\"https:\/\/hdfree.com.br\/perguntaspermanentes\/?s={search_term_string}\"},\"query-input\":{\"@type\":\"PropertyValueSpecification\",\"valueRequired\":true,\"valueName\":\"search_term_string\"}}],\"inLanguage\":\"pt-BR\"},{\"@type\":\"Organization\",\"@id\":\"https:\/\/hdfree.com.br\/perguntaspermanentes\/#organization\",\"name\":\"H\u00e1bito Di\u00e1rio Free\",\"url\":\"https:\/\/hdfree.com.br\/perguntaspermanentes\/\",\"logo\":{\"@type\":\"ImageObject\",\"inLanguage\":\"pt-BR\",\"@id\":\"https:\/\/hdfree.com.br\/perguntaspermanentes\/#\/schema\/logo\/image\/\",\"url\":\"https:\/\/hdfree.com.br\/perguntaspermanentes\/wp-content\/uploads\/2025\/04\/cropped-logo-free-HD-2.png\",\"contentUrl\":\"https:\/\/hdfree.com.br\/perguntaspermanentes\/wp-content\/uploads\/2025\/04\/cropped-logo-free-HD-2.png\",\"width\":100,\"height\":40,\"caption\":\"H\u00e1bito Di\u00e1rio Free\"},\"image\":{\"@id\":\"https:\/\/hdfree.com.br\/perguntaspermanentes\/#\/schema\/logo\/image\/\"}},{\"@type\":\"Person\",\"@id\":\"https:\/\/hdfree.com.br\/perguntaspermanentes\/#\/schema\/person\/197b7141929b08ba869e2f3980fb6183\",\"name\":\"hdfree\",\"image\":{\"@type\":\"ImageObject\",\"inLanguage\":\"pt-BR\",\"@id\":\"https:\/\/hdfree.com.br\/perguntaspermanentes\/#\/schema\/person\/image\/\",\"url\":\"https:\/\/secure.gravatar.com\/avatar\/53f64a45a0f4fb6857828ea1ee008ce7922570a4c314f6530bf0e3dfb8dfbe1d?s=96&d=mm&r=g\",\"contentUrl\":\"https:\/\/secure.gravatar.com\/avatar\/53f64a45a0f4fb6857828ea1ee008ce7922570a4c314f6530bf0e3dfb8dfbe1d?s=96&d=mm&r=g\",\"caption\":\"hdfree\"},\"sameAs\":[\"https:\/\/hdfree.com.br\/perguntaspermanentes\"],\"url\":\"https:\/\/hdfree.com.br\/perguntaspermanentes\/author\/hdfree\/\"}]}<\/script>\n<!-- \/ Yoast SEO plugin. -->","yoast_head_json":{"title":"At\u00e9 que horas fica aberta a mercearia mais pr\u00f3xima - H\u00e1bito Di\u00e1rio Free","robots":{"index":"index","follow":"follow","max-snippet":"max-snippet:-1","max-image-preview":"max-image-preview:large","max-video-preview":"max-video-preview:-1"},"canonical":"https:\/\/hdfree.com.br\/perguntaspermanentes\/ate-que-horas-fica-aberta-a-mercearia-mais-proxima\/","og_locale":"pt_BR","og_type":"article","og_title":"At\u00e9 que horas fica aberta a mercearia mais pr\u00f3xima - H\u00e1bito Di\u00e1rio Free","og_description":"Que horas mercados fecham? Mercado1 | Cancelamento de Ofertas | Call de Fechamento BOVESPA Mais \u2013 Todos os ativos 09:30 17:00 BDRs N\u00e3o Patrocinados 09:30 ....","og_url":"https:\/\/hdfree.com.br\/perguntaspermanentes\/ate-que-horas-fica-aberta-a-mercearia-mais-proxima\/","og_site_name":"H\u00e1bito Di\u00e1rio Free","article_published_time":"2025-04-20T01:50:53+00:00","author":"hdfree","twitter_card":"summary_large_image","twitter_misc":{"Escrito por":"hdfree","Est. tempo de leitura":"9 minutos"},"schema":{"@context":"https:\/\/schema.org","@graph":[{"@type":"Article","@id":"https:\/\/hdfree.com.br\/perguntaspermanentes\/ate-que-horas-fica-aberta-a-mercearia-mais-proxima\/#article","isPartOf":{"@id":"https:\/\/hdfree.com.br\/perguntaspermanentes\/ate-que-horas-fica-aberta-a-mercearia-mais-proxima\/"},"author":{"name":"hdfree","@id":"https:\/\/hdfree.com.br\/perguntaspermanentes\/#\/schema\/person\/197b7141929b08ba869e2f3980fb6183"},"headline":"At\u00e9 que horas fica aberta a mercearia mais pr\u00f3xima","datePublished":"2025-04-20T01:50:53+00:00","mainEntityOfPage":{"@id":"https:\/\/hdfree.com.br\/perguntaspermanentes\/ate-que-horas-fica-aberta-a-mercearia-mais-proxima\/"},"wordCount":1843,"commentCount":0,"publisher":{"@id":"https:\/\/hdfree.com.br\/perguntaspermanentes\/#organization"},"articleSection":["Perguntas Frequentes"],"inLanguage":"pt-BR","potentialAction":[{"@type":"CommentAction","name":"Comment","target":["https:\/\/hdfree.com.br\/perguntaspermanentes\/ate-que-horas-fica-aberta-a-mercearia-mais-proxima\/#respond"]}]},{"@type":"WebPage","@id":"https:\/\/hdfree.com.br\/perguntaspermanentes\/ate-que-horas-fica-aberta-a-mercearia-mais-proxima\/","url":"https:\/\/hdfree.com.br\/perguntaspermanentes\/ate-que-horas-fica-aberta-a-mercearia-mais-proxima\/","name":"At\u00e9 que horas fica aberta a mercearia mais pr\u00f3xima - H\u00e1bito Di\u00e1rio Free","isPartOf":{"@id":"https:\/\/hdfree.com.br\/perguntaspermanentes\/#website"},"datePublished":"2025-04-20T01:50:53+00:00","breadcrumb":{"@id":"https:\/\/hdfree.com.br\/perguntaspermanentes\/ate-que-horas-fica-aberta-a-mercearia-mais-proxima\/#breadcrumb"},"inLanguage":"pt-BR","potentialAction":[{"@type":"ReadAction","target":["https:\/\/hdfree.com.br\/perguntaspermanentes\/ate-que-horas-fica-aberta-a-mercearia-mais-proxima\/"]}]},{"@type":"BreadcrumbList","@id":"https:\/\/hdfree.com.br\/perguntaspermanentes\/ate-que-horas-fica-aberta-a-mercearia-mais-proxima\/#breadcrumb","itemListElement":[{"@type":"ListItem","position":1,"name":"In\u00edcio","item":"https:\/\/hdfree.com.br\/perguntaspermanentes\/"},{"@type":"ListItem","position":2,"name":"At\u00e9 que horas fica aberta a mercearia mais pr\u00f3xima"}]},{"@type":"WebSite","@id":"https:\/\/hdfree.com.br\/perguntaspermanentes\/#website","url":"https:\/\/hdfree.com.br\/perguntaspermanentes\/","name":"H\u00e1bito Di\u00e1rio Free","description":"Seu site de Not\u00edcias na Web","publisher":{"@id":"https:\/\/hdfree.com.br\/perguntaspermanentes\/#organization"},"potentialAction":[{"@type":"SearchAction","target":{"@type":"EntryPoint","urlTemplate":"https:\/\/hdfree.com.br\/perguntaspermanentes\/?s={search_term_string}"},"query-input":{"@type":"PropertyValueSpecification","valueRequired":true,"valueName":"search_term_string"}}],"inLanguage":"pt-BR"},{"@type":"Organization","@id":"https:\/\/hdfree.com.br\/perguntaspermanentes\/#organization","name":"H\u00e1bito Di\u00e1rio Free","url":"https:\/\/hdfree.com.br\/perguntaspermanentes\/","logo":{"@type":"ImageObject","inLanguage":"pt-BR","@id":"https:\/\/hdfree.com.br\/perguntaspermanentes\/#\/schema\/logo\/image\/","url":"https:\/\/hdfree.com.br\/perguntaspermanentes\/wp-content\/uploads\/2025\/04\/cropped-logo-free-HD-2.png","contentUrl":"https:\/\/hdfree.com.br\/perguntaspermanentes\/wp-content\/uploads\/2025\/04\/cropped-logo-free-HD-2.png","width":100,"height":40,"caption":"H\u00e1bito Di\u00e1rio Free"},"image":{"@id":"https:\/\/hdfree.com.br\/perguntaspermanentes\/#\/schema\/logo\/image\/"}},{"@type":"Person","@id":"https:\/\/hdfree.com.br\/perguntaspermanentes\/#\/schema\/person\/197b7141929b08ba869e2f3980fb6183","name":"hdfree","image":{"@type":"ImageObject","inLanguage":"pt-BR","@id":"https:\/\/hdfree.com.br\/perguntaspermanentes\/#\/schema\/person\/image\/","url":"https:\/\/secure.gravatar.com\/avatar\/53f64a45a0f4fb6857828ea1ee008ce7922570a4c314f6530bf0e3dfb8dfbe1d?s=96&d=mm&r=g","contentUrl":"https:\/\/secure.gravatar.com\/avatar\/53f64a45a0f4fb6857828ea1ee008ce7922570a4c314f6530bf0e3dfb8dfbe1d?s=96&d=mm&r=g","caption":"hdfree"},"sameAs":["https:\/\/hdfree.com.br\/perguntaspermanentes"],"url":"https:\/\/hdfree.com.br\/perguntaspermanentes\/author\/hdfree\/"}]}},"_links":{"self":[{"href":"https:\/\/hdfree.com.br\/perguntaspermanentes\/wp-json\/wp\/v2\/posts\/26","targetHints":{"allow":["GET"]}}],"collection":[{"href":"https:\/\/hdfree.com.br\/perguntaspermanentes\/wp-json\/wp\/v2\/posts"}],"about":[{"href":"https:\/\/hdfree.com.br\/perguntaspermanentes\/wp-json\/wp\/v2\/types\/post"}],"author":[{"embeddable":true,"href":"https:\/\/hdfree.com.br\/perguntaspermanentes\/wp-json\/wp\/v2\/users\/1"}],"replies":[{"embeddable":true,"href":"https:\/\/hdfree.com.br\/perguntaspermanentes\/wp-json\/wp\/v2\/comments?post=26"}],"version-history":[{"count":1,"href":"https:\/\/hdfree.com.br\/perguntaspermanentes\/wp-json\/wp\/v2\/posts\/26\/revisions"}],"predecessor-version":[{"id":27,"href":"https:\/\/hdfree.com.br\/perguntaspermanentes\/wp-json\/wp\/v2\/posts\/26\/revisions\/27"}],"wp:attachment":[{"href":"https:\/\/hdfree.com.br\/perguntaspermanentes\/wp-json\/wp\/v2\/media?parent=26"}],"wp:term":[{"taxonomy":"category","embeddable":true,"href":"https:\/\/hdfree.com.br\/perguntaspermanentes\/wp-json\/wp\/v2\/categories?post=26"},{"taxonomy":"post_tag","embeddable":true,"href":"https:\/\/hdfree.com.br\/perguntaspermanentes\/wp-json\/wp\/v2\/tags?post=26"}],"curies":[{"name":"wp","href":"https:\/\/api.w.org\/{rel}","templated":true}]}}