{"id":508,"date":"2025-04-21T19:01:10","date_gmt":"2025-04-21T19:01:10","guid":{"rendered":"http:\/\/cec376c1-a97a-401c-b3ec-e609e1755a6e"},"modified":"2025-04-21T19:01:10","modified_gmt":"2025-04-21T19:01:10","slug":"como-fazer-papinha-para-bebe-de-6-meses","status":"publish","type":"post","link":"https:\/\/hdfree.com.br\/perguntaspermanentes\/como-fazer-papinha-para-bebe-de-6-meses\/","title":{"rendered":"Como fazer papinha para bebe de 6 meses"},"content":{"rendered":"\n\n<h2 class=\"wp-block-heading\">O que dar de papinha para o beb\u00ea de 6 meses?<\/h2>\n\nAssim, a alimenta\u00e7\u00e3o do beb\u00ea aos 6 meses deve incluir papas de frutas amassadas ou raspadas, nos lanches, e uma papa principal, no almo\u00e7o ou jantar, que complementam o aleitamento materno, ou f\u00f3rmula infantil. A introdu\u00e7\u00e3o alimentar deve acontecer somente a partir dos 6 meses.<br \/>\n<div class='article-actions'><span class='report-it'><span class='a' onclick=\"window.open('https:\/\/hdfree.com.br\/perguntaspermanentes\/solicitar-remocao', '_blank')\">Solicita\u00e7\u00e3o de remo\u00e7\u00e3o<\/span><\/span><span class='spacer'>|<\/span><span class='view-url' onclick=\"window.open(reverse('\/sesem-6-soa-ebeb-od-oacatnemila\/moc.eduasaut.www\/\/:sptth'), '_blank')\">Veja a resposta completa em www.tuasaude.com<\/span><\/div>\n\n\n\n<h2 class=\"wp-block-heading\">Quais papinhas posso fazer para um beb\u00ea de 6 meses?<\/h2>\n\n\n<p><\/p>Uma boa op\u00e7\u00e3o para a primeira refei\u00e7\u00e3o do beb\u00ea \u00e9 a papinha de legumes, como batata, cenoura e ab\u00f3bora. Esses alimentos s\u00e3o ricos em nutrientes, f\u00e1ceis de digerir e geralmente bem tolerados pelos beb\u00eas. Cozinhe os legumes at\u00e9 ficarem bem macios e amasse-os at\u00e9 obter uma consist\u00eancia suave. N\u00e3o adicione sal ou a\u00e7\u00facar.<br \/>\n<div class='article-actions'><span class='report-it'><span class='a' onclick=\"window.open('https:\/\/hdfree.com.br\/perguntaspermanentes\/solicitar-remocao', '_blank')\">Solicita\u00e7\u00e3o de remo\u00e7\u00e3o<\/span><\/span><span class='spacer'>|<\/span><span class='view-url' onclick=\"window.open(reverse('\/sesem-6-soa-ebeb-od-oacatnemila\/moc.eduasaut.www\/\/:sptth'), '_blank')\">Veja a resposta completa em www.tuasaude.com<\/span><\/div>\n\n\n\n<h2 class=\"wp-block-heading\">O que um beb\u00ea de 6 meses j\u00e1 pode comer?<\/h2>\n\n\n<p><\/p>Dos 6 aos 8 meses de idade, alimente seu beb\u00ea com cerca de meia x\u00edcara de alimentos macios de duas a tr\u00eas vezes ao dia. Seu beb\u00ea pode comer qualquer alimento natural, a\u00e7\u00facares e sal. Voc\u00ea pode come\u00e7ar a adicionar um lanche saud\u00e1vel, como frutas, entre as refei\u00e7\u00f5es.<br \/>\n<div class='article-actions'><span class='report-it'><span class='a' onclick=\"window.open('https:\/\/hdfree.com.br\/perguntaspermanentes\/solicitar-remocao', '_blank')\">Solicita\u00e7\u00e3o de remo\u00e7\u00e3o<\/span><\/span><span class='spacer'>|<\/span><span class='view-url' onclick=\"window.open(reverse('\/sesem-6-soa-ebeb-od-oacatnemila\/moc.eduasaut.www\/\/:sptth'), '_blank')\">Veja a resposta completa em www.tuasaude.com<\/span><\/div>\n\n\n\n<h2 class=\"wp-block-heading\">O que n\u00e3o pode dar para beb\u00ea de 6 meses?<\/h2>\n\n\n<p><\/p>\n\n<ul class=\"wp-block-list\">\n<li>Mel. O sistema imunol\u00f3gico da crian\u00e7a n\u00e3o est\u00e1 totalmente formado e o mel pode desencadear alergia ao p\u00f3len. &#8230;<\/li>\n<li>Doces. &#8230;<\/li>\n<li>Refrigerantes. &#8230;<\/li>\n<li>Bolacha recheada. &#8230;<\/li>\n<li>Sucos industrializados com a\u00e7\u00facar. &#8230;<\/li>\n<li>Comidas industrializadas. &#8230;<\/li>\n<li>Gelatinas. &#8230;<\/li>\n<li>Amendoim.<\/li>\n<\/ul>\n<div class='article-actions'><span class='report-it'><span class='a' onclick=\"window.open('https:\/\/hdfree.com.br\/perguntaspermanentes\/solicitar-remocao', '_blank')\">Solicita\u00e7\u00e3o de remo\u00e7\u00e3o<\/span><\/span><span class='spacer'>|<\/span><span class='view-url' onclick=\"window.open(reverse('\/sesem-6-soa-ebeb-od-oacatnemila\/moc.eduasaut.www\/\/:sptth'), '_blank')\">Veja a resposta completa em www.tuasaude.com<\/span><\/div>\n\n\n\n<h2 class=\"wp-block-heading\">O que posso colocar na papinha do meu beb\u00ea?<\/h2>\n\n\n<p><\/p>\n\n<ul class=\"wp-block-list\">\n<li>Papinha de frango, arroz, ervilha, cenoura e espinafre. &#8230;<\/li>\n<li>Papinha de carne, ab\u00f3bora, batata e couve. &#8230;<\/li>\n<li>Papinha de cenoura e chuchu. &#8230;<\/li>\n<li>Papinha de carne, macarr\u00e3o, br\u00f3colis e espinafre.<\/li>\n<\/ul>\n<div class='article-actions'><span class='report-it'><span class='a' onclick=\"window.open('https:\/\/hdfree.com.br\/perguntaspermanentes\/solicitar-remocao', '_blank')\">Solicita\u00e7\u00e3o de remo\u00e7\u00e3o<\/span><\/span><span class='spacer'>|<\/span><span class='view-url' onclick=\"window.open(reverse('\/sesem-6-soa-ebeb-od-oacatnemila\/moc.eduasaut.www\/\/:sptth'), '_blank')\">Veja a resposta completa em www.tuasaude.com<\/span><\/div>\n\n\n\n<h2 class=\"wp-block-heading\">Quais verduras dar para beb\u00ea de 6 meses?<\/h2>\n\n\n<p><\/p>\n\n<ul class=\"wp-block-list\">\n<li>Br\u00f3colis;<\/li>\n<li>Cenoura;<\/li>\n<li>Batata;<\/li>\n<li>Couve-flor;<\/li>\n<li>Milho na espiga;<\/li>\n<li>Abobrinha;<\/li>\n<li>Banana;<\/li>\n<li>Abacate;<\/li>\n<\/ul>\n<div class='article-actions'><span class='report-it'><span class='a' onclick=\"window.open('https:\/\/hdfree.com.br\/perguntaspermanentes\/solicitar-remocao', '_blank')\">Solicita\u00e7\u00e3o de remo\u00e7\u00e3o<\/span><\/span><span class='spacer'>|<\/span><span class='view-url' onclick=\"window.open(reverse('\/sesem-6-soa-ebeb-od-oacatnemila\/moc.eduasaut.www\/\/:sptth'), '_blank')\">Veja a resposta completa em www.tuasaude.com<\/span><\/div>\n\n\n\n<h2 class=\"wp-block-heading\">O que introduzir aos 6 meses?<\/h2>\n\n\n<p><\/p>\n\n<ul class=\"wp-block-list\">\n<li>Preferir frutas, legumes, verduras, carnes e ovos, e dar prefer\u00eancia aos alimentos da safra. &#8230;<\/li>\n<li>Escolher outras fontes de ferro como espinafre, chic\u00f3ria e agri\u00e3o, que podem ser integrados com alimentos ricos em vitamina C.<\/li>\n<\/ul>\n<div class='article-actions'><span class='report-it'><span class='a' onclick=\"window.open('https:\/\/hdfree.com.br\/perguntaspermanentes\/solicitar-remocao', '_blank')\">Solicita\u00e7\u00e3o de remo\u00e7\u00e3o<\/span><\/span><span class='spacer'>|<\/span><span class='view-url' onclick=\"window.open(reverse('\/sesem-6-soa-ebeb-od-oacatnemila\/moc.eduasaut.www\/\/:sptth'), '_blank')\">Veja a resposta completa em www.tuasaude.com<\/span><\/div>\n\n\n\n<h2 class=\"wp-block-heading\">O que um beb\u00ea de 6 meses j\u00e1 pode come\u00e7ar a comer?<\/h2>\n\nSeu beb\u00ea pode comer qualquer alimento natural, a\u00e7\u00facares e sal. Voc\u00ea pode come\u00e7ar a adicionar um lanche saud\u00e1vel, como frutas, entre as refei\u00e7\u00f5es.<br \/>\n<div class='article-actions'><span class='report-it'><span class='a' onclick=\"window.open('https:\/\/hdfree.com.br\/perguntaspermanentes\/solicitar-remocao', '_blank')\">Solicita\u00e7\u00e3o de remo\u00e7\u00e3o<\/span><\/span><span class='spacer'>|<\/span><span class='view-url' onclick=\"window.open(reverse('sesem-21-soa-6-sod-ratnemila-oacudortni\/lizarb\/gro.fecinu.www\/\/:sptth'), '_blank')\">Veja a resposta completa em www.unicef.org<\/span><\/div>\n\n\n\n<h2 class=\"wp-block-heading\">O que devo dar ao meu beb\u00ea no primeiro dia da introdu\u00e7\u00e3o alimentar?<\/h2>\n\n\n<p><\/p>\n\n<ul class=\"wp-block-list\">\n<li>Frutas frescas, raspadas ou amassadas, como mam\u00e3o, banana, abacate, manga, laranja e kiwi, ma\u00e7\u00e3, pera, caqui e melancia;<\/li>\n<li>Vegetais amassados, como tomate, chuchu, beterraba, ab\u00f3bora, quiabo, br\u00f3colis, berinjela e cenoura;<\/li>\n<\/ul>\n<div class='article-actions'><span class='report-it'><span class='a' onclick=\"window.open('https:\/\/hdfree.com.br\/perguntaspermanentes\/solicitar-remocao', '_blank')\">Solicita\u00e7\u00e3o de remo\u00e7\u00e3o<\/span><\/span><span class='spacer'>|<\/span><span class='view-url' onclick=\"window.open(reverse('sesem-21-soa-6-sod-ratnemila-oacudortni\/lizarb\/gro.fecinu.www\/\/:sptth'), '_blank')\">Veja a resposta completa em www.unicef.org<\/span><\/div>\n\n\n\n<h2 class=\"wp-block-heading\">O que o beb\u00ea n\u00e3o pode comer com 6 meses?<\/h2>\n\n\n<p><\/p>\n\n<ul class=\"wp-block-list\">\n<li>Leite de vaca e seus derivados (iogurte, queijos e Petit Suisse) &#8230;<\/li>\n<li>A\u00e7\u00facar. &#8230;<\/li>\n<li>Sal. &#8230;<\/li>\n<li>Biscoito do tipo \u201cMaisena\u201d &#8230;<\/li>\n<li>Achocolatado.<\/li>\n<\/ul>\n<div class='article-actions'><span class='report-it'><span class='a' onclick=\"window.open('https:\/\/hdfree.com.br\/perguntaspermanentes\/solicitar-remocao', '_blank')\">Solicita\u00e7\u00e3o de remo\u00e7\u00e3o<\/span><\/span><span class='spacer'>|<\/span><span class='view-url' onclick=\"window.open(reverse('sesem-21-soa-6-sod-ratnemila-oacudortni\/lizarb\/gro.fecinu.www\/\/:sptth'), '_blank')\">Veja a resposta completa em www.unicef.org<\/span><\/div>\n\n\n\n<h2 class=\"wp-block-heading\">Quantas colheres de papinha o beb\u00ea de 6 meses deve comer?<\/h2>\n\nPor\u00e9m, um ponto importante \u00e9 que, at\u00e9 os 7 meses, os beb\u00eas estejam recebendo 3 refei\u00e7\u00f5es com novos alimentos por dia: almo\u00e7o ou jantar e 2 lanches; ou almo\u00e7o, jantar e 1 lanche. Os beb\u00eas de 6 meses podem aceitar, no almo\u00e7o e\/ou jantar, de 2 a 3 colheres de sopa no total.<br \/>\n<div class='article-actions'><span class='report-it'><span class='a' onclick=\"window.open('https:\/\/hdfree.com.br\/perguntaspermanentes\/solicitar-remocao', '_blank')\">Solicita\u00e7\u00e3o de remo\u00e7\u00e3o<\/span><\/span><span class='spacer'>|<\/span><span class='view-url' onclick=\"window.open(reverse('edadi-rop-sebeb-arap-oipadrac\/rb.moc.amimadanroj\/\/:sptth'), '_blank')\">Veja a resposta completa em jornadamima.com.br<\/span><\/div>\n\n\n\n<h2 class=\"wp-block-heading\">Qual a quantidade de papinha para beb\u00ea de 6 meses?<\/h2>\n\n\n<p><\/p>\n\n<ul class=\"wp-block-list\">\n<li>Introdu\u00e7\u00e3o dos S\u00f3lidos ( 6 a 8 meses )<\/li>\n<li> Aos 6 meses, os beb\u00eas come\u00e7am a experimentar os alimentos s\u00f3lidos. A recomenda\u00e7\u00e3o \u00e9 oferecer de 1 a 2 colheres de sopa da primeira papinha de frutas ou legumes, uma vez ao dia.<\/li>\n<\/ul>\n<div class='article-actions'><span class='report-it'><span class='a' onclick=\"window.open('https:\/\/hdfree.com.br\/perguntaspermanentes\/solicitar-remocao', '_blank')\">Solicita\u00e7\u00e3o de remo\u00e7\u00e3o<\/span><\/span><span class='spacer'>|<\/span><span class='view-url' onclick=\"window.open(reverse('edadi-rop-sebeb-arap-oipadrac\/rb.moc.amimadanroj\/\/:sptth'), '_blank')\">Veja a resposta completa em jornadamima.com.br<\/span><\/div>\n\n\n\n<h2 class=\"wp-block-heading\">Quantas colheres de comida um beb\u00ea de 6 meses deve comer?<\/h2>\n\n\n<p><\/p>\n\n<ul class=\"wp-block-list\">\n<li>Introdu\u00e7\u00e3o de alimentos s\u00f3lidos ( 6 a 12 meses ):<\/li>\n<li> \u00c9 recomendado iniciar com papinhas e pur\u00eas de legumes, frutas e cereais. A quantidade ideal pode variar, mas uma boa refer\u00eancia \u00e9 come\u00e7ar com cerca de 1 a 2 colheres de sopa por refei\u00e7\u00e3o e observar a aceita\u00e7\u00e3o do beb\u00ea.<\/li>\n<\/ul>\n<div class='article-actions'><span class='report-it'><span class='a' onclick=\"window.open('https:\/\/hdfree.com.br\/perguntaspermanentes\/solicitar-remocao', '_blank')\">Solicita\u00e7\u00e3o de remo\u00e7\u00e3o<\/span><\/span><span class='spacer'>|<\/span><span class='view-url' onclick=\"window.open(reverse('edadi-rop-sebeb-arap-oipadrac\/rb.moc.amimadanroj\/\/:sptth'), '_blank')\">Veja a resposta completa em jornadamima.com.br<\/span><\/div>\n\n\n\n<h2 class=\"wp-block-heading\">Quanto de comida um beb\u00ea de 6 meses pode comer?<\/h2>\n\n\n<p><\/p>Dos 6 aos 8 meses de idade, alimente seu beb\u00ea com cerca de meia x\u00edcara de alimentos macios de duas a tr\u00eas vezes ao dia. Seu beb\u00ea pode comer qualquer alimento natural, a\u00e7\u00facares e sal.<br \/>\n<div class='article-actions'><span class='report-it'><span class='a' onclick=\"window.open('https:\/\/hdfree.com.br\/perguntaspermanentes\/solicitar-remocao', '_blank')\">Solicita\u00e7\u00e3o de remo\u00e7\u00e3o<\/span><\/span><span class='spacer'>|<\/span><span class='view-url' onclick=\"window.open(reverse('edadi-rop-sebeb-arap-oipadrac\/rb.moc.amimadanroj\/\/:sptth'), '_blank')\">Veja a resposta completa em jornadamima.com.br<\/span><\/div>\n\n\n\n<h2 class=\"wp-block-heading\">Qual a quantidade de papinha que um beb\u00ea deve comer?<\/h2>\n\n\n<p><\/p>10 meses &#8211; O ideal \u00e9 que os beb\u00eas consumam 10 colheres de sopa ou uma x\u00edcara. A partir de um ano \u2013 Devem comer 12 colheres de sopa no m\u00ednimo ou uma x\u00edcara cheia at\u00e9 conseguirem consumir a por\u00e7\u00e3o de um prato infantil.<br \/>\n<div class='article-actions'><span class='report-it'><span class='a' onclick=\"window.open('https:\/\/hdfree.com.br\/perguntaspermanentes\/solicitar-remocao', '_blank')\">Solicita\u00e7\u00e3o de remo\u00e7\u00e3o<\/span><\/span><span class='spacer'>|<\/span><span class='view-url' onclick=\"window.open(reverse('edadi-rop-sebeb-arap-oipadrac\/rb.moc.amimadanroj\/\/:sptth'), '_blank')\">Veja a resposta completa em jornadamima.com.br<\/span><\/div>\n\n\n\n<h2 class=\"wp-block-heading\">Como deve ser a rotina alimentar de um beb\u00ea de 6 meses?<\/h2>\n\n\n<p><\/p><p>Refei\u00e7\u00e3o | Dia 1<\/p><table border=\"1\"><tr><td>Almo\u00e7o<\/td><td>1 colher de sopa de batata-doce cozida amassada + 1 colher de sopa de pur\u00ea de ab\u00f3bora + 1\/2 ovo cozido amassado + 1 colher sopa de feij\u00e3o com caldo amassado<\/td><\/tr><tr><td>Lanche da tarde<\/td><td>Pera raspada + leite materno ou f\u00f3rmula infantil<\/td><\/tr><tr><td>Jantar<\/td><td>Leite materno ou f\u00f3rmula infantil<\/td><\/tr><\/table><br \/>\n<div class='article-actions'><span class='report-it'><span class='a' onclick=\"window.open('https:\/\/hdfree.com.br\/perguntaspermanentes\/solicitar-remocao', '_blank')\">Solicita\u00e7\u00e3o de remo\u00e7\u00e3o<\/span><\/span><span class='spacer'>|<\/span><span class='view-url' onclick=\"window.open(reverse('edadi-rop-sebeb-arap-oipadrac\/rb.moc.amimadanroj\/\/:sptth'), '_blank')\">Veja a resposta completa em jornadamima.com.br<\/span><\/div>\n\n\n\n<h2 class=\"wp-block-heading\">Como posso saber se meu beb\u00ea est\u00e1 satisfeito com a papinha?<\/h2>\n\n\n<p><\/p>O beb\u00ea nasce com uma capacidade de autorregula\u00e7\u00e3o, ou seja, ele saber\u00e1 qual a quantidade de comida que deve comer. Quando os beb\u00eas n\u00e3o querem mais comer eles fecham a boca, colocam a boca pro lado ou colocam o prato para frente e etc. Esses s\u00e3o sinais de que o beb\u00ea est\u00e1 satisfeito.<br \/>\n<div class='article-actions'><span class='report-it'><span class='a' onclick=\"window.open('https:\/\/hdfree.com.br\/perguntaspermanentes\/solicitar-remocao', '_blank')\">Solicita\u00e7\u00e3o de remo\u00e7\u00e3o<\/span><\/span><span class='spacer'>|<\/span><span class='view-url' onclick=\"window.open(reverse('edadi-rop-sebeb-arap-oipadrac\/rb.moc.amimadanroj\/\/:sptth'), '_blank')\">Veja a resposta completa em jornadamima.com.br<\/span><\/div>\n\n\n\n<h2 class=\"wp-block-heading\">Qual \u00e9 a rotina alimentar para um beb\u00ea de 6 meses com introdu\u00e7\u00e3o alimentar?<\/h2>\n\n\n<p>Card\u00e1pio exemplo para o beb\u00ea aos 6 meses<\/p>\n<div class='article-actions'><span class='report-it'><span class='a' onclick=\"window.open('https:\/\/hdfree.com.br\/perguntaspermanentes\/solicitar-remocao', '_blank')\">Solicita\u00e7\u00e3o de remo\u00e7\u00e3o<\/span><\/span><span class='spacer'>|<\/span><span class='view-url' onclick=\"window.open(reverse('\/sesem-6-soa-ebeb-od-oacatnemila\/moc.eduasaut.www\/\/:sptth'), '_blank')\">Veja a resposta completa em www.tuasaude.com<\/span><\/div>\n\n\n\n<h2 class=\"wp-block-heading\">Quantas vezes um beb\u00ea de 6 meses deve se alimentar por dia?<\/h2>\n\n\n<p><\/p>\n\n<ul class=\"wp-block-list\">\n<li>Introdu\u00e7\u00e3o Alimentar do seu beb\u00ea dos 6 aos 8 meses de idade<\/li>\n<li> Dos 6 aos 8 meses de idade, alimente seu beb\u00ea com cerca de meia x\u00edcara de alimentos macios de duas a tr\u00eas vezes ao dia. Seu beb\u00ea pode comer qualquer alimento natural, a\u00e7\u00facares e sal.<\/li>\n<\/ul>\n<div class='article-actions'><span class='report-it'><span class='a' onclick=\"window.open('https:\/\/hdfree.com.br\/perguntaspermanentes\/solicitar-remocao', '_blank')\">Solicita\u00e7\u00e3o de remo\u00e7\u00e3o<\/span><\/span><span class='spacer'>|<\/span><span class='view-url' onclick=\"window.open(reverse('\/sesem-6-soa-ebeb-od-oacatnemila\/moc.eduasaut.www\/\/:sptth'), '_blank')\">Veja a resposta completa em www.tuasaude.com<\/span><\/div>\n\n\n\n<h2 class=\"wp-block-heading\">Como deve ser a rotina de sono de um beb\u00ea de 6 meses?<\/h2>\n\n\n<p><\/p>Nessa idade, tende a dormir entre 11 e 15 horas por dia, divididas em um sono noturno longo e uma ou duas sonecas ao longo do dia. Durante esse per\u00edodo, o sono continua a ser vital para o crescimento e aprendizagem, com padr\u00f5es cada vez mais semelhantes aos de adultos.<br \/>\n<div class='article-actions'><span class='report-it'><span class='a' onclick=\"window.open('https:\/\/hdfree.com.br\/perguntaspermanentes\/solicitar-remocao', '_blank')\">Solicita\u00e7\u00e3o de remo\u00e7\u00e3o<\/span><\/span><span class='spacer'>|<\/span><span class='view-url' onclick=\"window.open(reverse('\/sesem-6-soa-ebeb-od-oacatnemila\/moc.eduasaut.www\/\/:sptth'), '_blank')\">Veja a resposta completa em www.tuasaude.com<\/span><\/div>\n\n\n\n<h2 class=\"wp-block-heading\">Como montar um card\u00e1pio para beb\u00ea de 6 meses?<\/h2>\n\n\n<p><\/p>\n\n<ul class=\"wp-block-list\">\n<li>Papa principal. A papa principal deve se composta por: &#8230;<\/li>\n<li>Frutas. As frutas frescas raspadas ou amassadas devem ser dadas ao beb\u00ea nos lanches da manh\u00e3 e da tarde. &#8230;<\/li>\n<li>Leite materno ou f\u00f3rmula infantil. &#8230;<\/li>\n<li>\u00c1gua. &#8230;<\/li>\n<li>Arroz colorido com ovo, cenoura e abobrinha. &#8230;<\/li>\n<li>Peixe cozido.<\/li>\n<\/ul>\n<div class='article-actions'><span class='report-it'><span class='a' onclick=\"window.open('https:\/\/hdfree.com.br\/perguntaspermanentes\/solicitar-remocao', '_blank')\">Solicita\u00e7\u00e3o de remo\u00e7\u00e3o<\/span><\/span><span class='spacer'>|<\/span><span class='view-url' onclick=\"window.open(reverse('\/sesem-6-soa-ebeb-od-oacatnemila\/moc.eduasaut.www\/\/:sptth'), '_blank')\">Veja a resposta completa em www.tuasaude.com<\/span><\/div>\n\n\n\n<h2 class=\"wp-block-heading\">Quais s\u00e3o as op\u00e7\u00f5es de almo\u00e7o para um beb\u00ea de 6 meses?<\/h2>\n\n\n\n<h2 class=\"wp-block-heading\">Qual \u00e9 o card\u00e1pio de um beb\u00ea de 6 meses?<\/h2>\n\n\n<p><\/p><p>Refei\u00e7\u00e3o | Dia 1 | Dia 2<\/p><table border=\"1\"><tr><td>Lanche da tarde<\/td><td>Pera raspada + leite materno ou f\u00f3rmula infantil<\/td><td>Banana amassada + leite materno ou f\u00f3rmula infantil<\/td><\/tr><tr><td>Jantar<\/td><td>Leite materno ou f\u00f3rmula infantil<\/td><td>Leite materno ou f\u00f3rmula infantil<\/td><\/tr><tr><td>Ceia<\/td><td>Leite materno ou f\u00f3rmula infantil<\/td><td>Leite materno ou f\u00f3rmula infantil<\/td><\/tr><\/table><br \/>\n<div class='article-actions'><span class='report-it'><span class='a' onclick=\"window.open('https:\/\/hdfree.com.br\/perguntaspermanentes\/solicitar-remocao', '_blank')\">Solicita\u00e7\u00e3o de remo\u00e7\u00e3o<\/span><\/span><span class='spacer'>|<\/span><span class='view-url' onclick=\"window.open(reverse('\/racemoc-edno-rop-ebeb-od-ratnemila-oacudortni-ad-otelpmoc-aiug\/golb\/rb.moc.acnerolfoigeloc.www\/\/:sptth'), '_blank')\">Veja a resposta completa em www.colegioflorenca.com.br<\/span><\/div>\n\n\n\n<h2 class=\"wp-block-heading\">O que oferecer no primeiro almo\u00e7o do beb\u00ea?<\/h2>\n\n\n<p><\/p>Papinhas com cereais ou tub\u00e9rculos, vegetais frescos, prote\u00edna animal e feij\u00e3o tamb\u00e9m s\u00e3o op\u00e7\u00f5es para o almo\u00e7o e para o jantar. Ofere\u00e7a uma por\u00e7\u00e3o pequena, sem sal, e permita que a crian\u00e7a experimente conforme se sentir \u00e0 vontade. As papinhas de frutas, por sua vez, s\u00e3o \u00f3timos lanchinhos.<br \/>\n<div class='article-actions'><span class='report-it'><span class='a' onclick=\"window.open('https:\/\/hdfree.com.br\/perguntaspermanentes\/solicitar-remocao', '_blank')\">Solicita\u00e7\u00e3o de remo\u00e7\u00e3o<\/span><\/span><span class='spacer'>|<\/span><span class='view-url' onclick=\"window.open(reverse('\/racemoc-edno-rop-ebeb-od-ratnemila-oacudortni-ad-otelpmoc-aiug\/golb\/rb.moc.acnerolfoigeloc.www\/\/:sptth'), '_blank')\">Veja a resposta completa em www.colegioflorenca.com.br<\/span><\/div>\n\n\n\n<h2 class=\"wp-block-heading\">Quais s\u00e3o as comidinhas que um beb\u00ea de 6 meses pode comer?<\/h2>\n\n\n<p><\/p>Seu beb\u00ea pode comer qualquer alimento natural, a\u00e7\u00facares e sal. Voc\u00ea pode come\u00e7ar a adicionar um lanche saud\u00e1vel, como frutas, entre as refei\u00e7\u00f5es. \u00c0 medida que seu beb\u00ea recebe quantidades crescentes de alimentos s\u00f3lidos, ele deve continuar a receber a mesma quantidade de leite materno.<br \/>\n<div class='article-actions'><span class='report-it'><span class='a' onclick=\"window.open('https:\/\/hdfree.com.br\/perguntaspermanentes\/solicitar-remocao', '_blank')\">Solicita\u00e7\u00e3o de remo\u00e7\u00e3o<\/span><\/span><span class='spacer'>|<\/span><span class='view-url' onclick=\"window.open(reverse('\/racemoc-edno-rop-ebeb-od-ratnemila-oacudortni-ad-otelpmoc-aiug\/golb\/rb.moc.acnerolfoigeloc.www\/\/:sptth'), '_blank')\">Veja a resposta completa em www.colegioflorenca.com.br<\/span><\/div>\n\n\n\n<h2 class=\"wp-block-heading\">Pode dar arroz e feij\u00e3o para beb\u00ea de 6 meses?<\/h2>\n\n\n\n<h2 class=\"wp-block-heading\">Como dar arroz e feij\u00e3o para beb\u00ea de 6 meses?<\/h2>\n\n\n<p><\/p>Aos 6 meses, voc\u00ea pode amassar o feij\u00e3o com o garfo para servir na colher, podendo ser misturado ao arroz. Ou, ainda, fazer bolinhos para estimular a crian\u00e7a a comer com as m\u00e3os. A partir dos 7 ou 8 meses, observe se o seu filho aceita os gr\u00e3os sem amassar.<br \/>\n<div class='article-actions'><span class='report-it'><span class='a' onclick=\"window.open('https:\/\/hdfree.com.br\/perguntaspermanentes\/solicitar-remocao', '_blank')\">Solicita\u00e7\u00e3o de remo\u00e7\u00e3o<\/span><\/span><span class='spacer'>|<\/span><span class='view-url' onclick=\"window.open(reverse('tp=lh?\/s2gOTdU9Q6C\/leer\/sedersanasacede\/moc.margatsni.www\/\/:sptth'), '_blank')\">Veja a resposta completa em www.instagram.com<\/span><\/div>\n\n\n\n<h2 class=\"wp-block-heading\">Quando o beb\u00ea come\u00e7a a comer arroz e feij\u00e3o?<\/h2>\n\n\n<p><\/p>A partir do 6\u00ba m\u00eas, o beb\u00ea deve come\u00e7ar a comer alimentos como cereais, vegetais, prote\u00ednas, leguminosas e frutas.<br \/>\n<div class='article-actions'><span class='report-it'><span class='a' onclick=\"window.open('https:\/\/hdfree.com.br\/perguntaspermanentes\/solicitar-remocao', '_blank')\">Solicita\u00e7\u00e3o de remo\u00e7\u00e3o<\/span><\/span><span class='spacer'>|<\/span><span class='view-url' onclick=\"window.open(reverse('tp=lh?\/s2gOTdU9Q6C\/leer\/sedersanasacede\/moc.margatsni.www\/\/:sptth'), '_blank')\">Veja a resposta completa em www.instagram.com<\/span><\/div>\n\n\n\n<h2 class=\"wp-block-heading\">Pode oferecer arroz para beb\u00ea de 6 meses?<\/h2>\n\n\n<p><\/p>Ap\u00f3s os 12 meses e com uma mastiga\u00e7\u00e3o bem estabelecida, o beb\u00e9 estar\u00e1 capaz de comer o arroz sem necessidade de altera\u00e7\u00f5es &#8211; embora o arroz devem continuar a estar muito bem cozinhado!<br \/>\n<div class='article-actions'><span class='report-it'><span class='a' onclick=\"window.open('https:\/\/hdfree.com.br\/perguntaspermanentes\/solicitar-remocao', '_blank')\">Solicita\u00e7\u00e3o de remo\u00e7\u00e3o<\/span><\/span><span class='spacer'>|<\/span><span class='view-url' onclick=\"window.open(reverse('tp=lh?\/s2gOTdU9Q6C\/leer\/sedersanasacede\/moc.margatsni.www\/\/:sptth'), '_blank')\">Veja a resposta completa em www.instagram.com<\/span><\/div>\n\n\n\n<h2 class=\"wp-block-heading\">Beb\u00ea 6 meses pode comer feij\u00e3o?<\/h2>\n\n\n<p><\/p>Sim! Beb\u00eas podem come\u00e7ar a comer feij\u00e3o quando come\u00e7arem a comer alimentos s\u00f3lidos, por volta dos 6 meses de idade, seja por meio do desmame guiado pelo beb\u00ea (BLW) ou pela introdu\u00e7\u00e3o de pur\u00eas \u2013 ou ambos.<br \/>\n<div class='article-actions'><span class='report-it'><span class='a' onclick=\"window.open('https:\/\/hdfree.com.br\/perguntaspermanentes\/solicitar-remocao', '_blank')\">Solicita\u00e7\u00e3o de remo\u00e7\u00e3o<\/span><\/span><span class='spacer'>|<\/span><span class='view-url' onclick=\"window.open(reverse('tp=lh?\/s2gOTdU9Q6C\/leer\/sedersanasacede\/moc.margatsni.www\/\/:sptth'), '_blank')\">Veja a resposta completa em www.instagram.com<\/span><\/div>\n\n\n\n<h2 class=\"wp-block-heading\">Como fazer arroz papinha?<\/h2>\n\n\n<p><\/p>Coza o arroz integral em \u00e1gua abundante: cerca de 5 por\u00e7\u00f5es de \u00e1gua por cada por\u00e7\u00e3o\/ch\u00e1vena de arroz, durante aproximadamente 30 minutos; Junte o arroz branco, juntamente com 1 a 2 ch\u00e1venas de \u00e1gua e a casca de lim\u00e3o e deixe cozinhar, em lume brando, por pelo menos mais 30 minutos.<br \/>\n<div class='article-actions'><span class='report-it'><span class='a' onclick=\"window.open('https:\/\/hdfree.com.br\/perguntaspermanentes\/solicitar-remocao', '_blank')\">Solicita\u00e7\u00e3o de remo\u00e7\u00e3o<\/span><\/span><span class='spacer'>|<\/span><span class='view-url' onclick=\"window.open(reverse('tp=lh?\/s2gOTdU9Q6C\/leer\/sedersanasacede\/moc.margatsni.www\/\/:sptth'), '_blank')\">Veja a resposta completa em www.instagram.com<\/span><\/div>\n\n","protected":false},"excerpt":{"rendered":"<p>O que dar de papinha para o beb\u00ea de 6 meses? Assim, a alimenta\u00e7\u00e3o do beb\u00ea aos 6 meses deve incluir papas de frutas amassadas &#8230;. <\/p>\n","protected":false},"author":1,"featured_media":0,"comment_status":"open","ping_status":"closed","sticky":false,"template":"","format":"standard","meta":{"footnotes":""},"categories":[2],"tags":[],"class_list":["post-508","post","type-post","status-publish","format-standard","hentry","category-perguntas-frequentes"],"yoast_head":"<!-- This site is optimized with the Yoast SEO plugin v25.3.1 - https:\/\/yoast.com\/wordpress\/plugins\/seo\/ -->\n<title>Como fazer papinha para bebe de 6 meses - H\u00e1bito Di\u00e1rio Free<\/title>\n<meta name=\"robots\" content=\"index, follow, max-snippet:-1, max-image-preview:large, max-video-preview:-1\" \/>\n<link rel=\"canonical\" href=\"https:\/\/hdfree.com.br\/perguntaspermanentes\/como-fazer-papinha-para-bebe-de-6-meses\/\" \/>\n<meta property=\"og:locale\" content=\"pt_BR\" \/>\n<meta property=\"og:type\" content=\"article\" \/>\n<meta property=\"og:title\" content=\"Como fazer papinha para bebe de 6 meses - H\u00e1bito Di\u00e1rio Free\" \/>\n<meta property=\"og:description\" content=\"O que dar de papinha para o beb\u00ea de 6 meses? Assim, a alimenta\u00e7\u00e3o do beb\u00ea aos 6 meses deve incluir papas de frutas amassadas ....\" \/>\n<meta property=\"og:url\" content=\"https:\/\/hdfree.com.br\/perguntaspermanentes\/como-fazer-papinha-para-bebe-de-6-meses\/\" \/>\n<meta property=\"og:site_name\" content=\"H\u00e1bito Di\u00e1rio Free\" \/>\n<meta property=\"article:published_time\" content=\"2025-04-21T19:01:10+00:00\" \/>\n<meta name=\"author\" content=\"hdfree\" \/>\n<meta name=\"twitter:card\" content=\"summary_large_image\" \/>\n<meta name=\"twitter:label1\" content=\"Escrito por\" \/>\n\t<meta name=\"twitter:data1\" content=\"hdfree\" \/>\n\t<meta name=\"twitter:label2\" content=\"Est. tempo de leitura\" \/>\n\t<meta name=\"twitter:data2\" content=\"9 minutos\" \/>\n<script type=\"application\/ld+json\" class=\"yoast-schema-graph\">{\"@context\":\"https:\/\/schema.org\",\"@graph\":[{\"@type\":\"Article\",\"@id\":\"https:\/\/hdfree.com.br\/perguntaspermanentes\/como-fazer-papinha-para-bebe-de-6-meses\/#article\",\"isPartOf\":{\"@id\":\"https:\/\/hdfree.com.br\/perguntaspermanentes\/como-fazer-papinha-para-bebe-de-6-meses\/\"},\"author\":{\"name\":\"hdfree\",\"@id\":\"https:\/\/hdfree.com.br\/perguntaspermanentes\/#\/schema\/person\/197b7141929b08ba869e2f3980fb6183\"},\"headline\":\"Como fazer papinha para bebe de 6 meses\",\"datePublished\":\"2025-04-21T19:01:10+00:00\",\"mainEntityOfPage\":{\"@id\":\"https:\/\/hdfree.com.br\/perguntaspermanentes\/como-fazer-papinha-para-bebe-de-6-meses\/\"},\"wordCount\":1759,\"commentCount\":0,\"publisher\":{\"@id\":\"https:\/\/hdfree.com.br\/perguntaspermanentes\/#organization\"},\"articleSection\":[\"Perguntas Frequentes\"],\"inLanguage\":\"pt-BR\",\"potentialAction\":[{\"@type\":\"CommentAction\",\"name\":\"Comment\",\"target\":[\"https:\/\/hdfree.com.br\/perguntaspermanentes\/como-fazer-papinha-para-bebe-de-6-meses\/#respond\"]}]},{\"@type\":\"WebPage\",\"@id\":\"https:\/\/hdfree.com.br\/perguntaspermanentes\/como-fazer-papinha-para-bebe-de-6-meses\/\",\"url\":\"https:\/\/hdfree.com.br\/perguntaspermanentes\/como-fazer-papinha-para-bebe-de-6-meses\/\",\"name\":\"Como fazer papinha para bebe de 6 meses - H\u00e1bito Di\u00e1rio Free\",\"isPartOf\":{\"@id\":\"https:\/\/hdfree.com.br\/perguntaspermanentes\/#website\"},\"datePublished\":\"2025-04-21T19:01:10+00:00\",\"breadcrumb\":{\"@id\":\"https:\/\/hdfree.com.br\/perguntaspermanentes\/como-fazer-papinha-para-bebe-de-6-meses\/#breadcrumb\"},\"inLanguage\":\"pt-BR\",\"potentialAction\":[{\"@type\":\"ReadAction\",\"target\":[\"https:\/\/hdfree.com.br\/perguntaspermanentes\/como-fazer-papinha-para-bebe-de-6-meses\/\"]}]},{\"@type\":\"BreadcrumbList\",\"@id\":\"https:\/\/hdfree.com.br\/perguntaspermanentes\/como-fazer-papinha-para-bebe-de-6-meses\/#breadcrumb\",\"itemListElement\":[{\"@type\":\"ListItem\",\"position\":1,\"name\":\"In\u00edcio\",\"item\":\"https:\/\/hdfree.com.br\/perguntaspermanentes\/\"},{\"@type\":\"ListItem\",\"position\":2,\"name\":\"Como fazer papinha para bebe de 6 meses\"}]},{\"@type\":\"WebSite\",\"@id\":\"https:\/\/hdfree.com.br\/perguntaspermanentes\/#website\",\"url\":\"https:\/\/hdfree.com.br\/perguntaspermanentes\/\",\"name\":\"H\u00e1bito Di\u00e1rio Free\",\"description\":\"Seu site de Not\u00edcias na Web\",\"publisher\":{\"@id\":\"https:\/\/hdfree.com.br\/perguntaspermanentes\/#organization\"},\"potentialAction\":[{\"@type\":\"SearchAction\",\"target\":{\"@type\":\"EntryPoint\",\"urlTemplate\":\"https:\/\/hdfree.com.br\/perguntaspermanentes\/?s={search_term_string}\"},\"query-input\":{\"@type\":\"PropertyValueSpecification\",\"valueRequired\":true,\"valueName\":\"search_term_string\"}}],\"inLanguage\":\"pt-BR\"},{\"@type\":\"Organization\",\"@id\":\"https:\/\/hdfree.com.br\/perguntaspermanentes\/#organization\",\"name\":\"H\u00e1bito Di\u00e1rio Free\",\"url\":\"https:\/\/hdfree.com.br\/perguntaspermanentes\/\",\"logo\":{\"@type\":\"ImageObject\",\"inLanguage\":\"pt-BR\",\"@id\":\"https:\/\/hdfree.com.br\/perguntaspermanentes\/#\/schema\/logo\/image\/\",\"url\":\"https:\/\/hdfree.com.br\/perguntaspermanentes\/wp-content\/uploads\/2025\/04\/cropped-logo-free-HD-2.png\",\"contentUrl\":\"https:\/\/hdfree.com.br\/perguntaspermanentes\/wp-content\/uploads\/2025\/04\/cropped-logo-free-HD-2.png\",\"width\":100,\"height\":40,\"caption\":\"H\u00e1bito Di\u00e1rio Free\"},\"image\":{\"@id\":\"https:\/\/hdfree.com.br\/perguntaspermanentes\/#\/schema\/logo\/image\/\"}},{\"@type\":\"Person\",\"@id\":\"https:\/\/hdfree.com.br\/perguntaspermanentes\/#\/schema\/person\/197b7141929b08ba869e2f3980fb6183\",\"name\":\"hdfree\",\"image\":{\"@type\":\"ImageObject\",\"inLanguage\":\"pt-BR\",\"@id\":\"https:\/\/hdfree.com.br\/perguntaspermanentes\/#\/schema\/person\/image\/\",\"url\":\"https:\/\/secure.gravatar.com\/avatar\/53f64a45a0f4fb6857828ea1ee008ce7922570a4c314f6530bf0e3dfb8dfbe1d?s=96&d=mm&r=g\",\"contentUrl\":\"https:\/\/secure.gravatar.com\/avatar\/53f64a45a0f4fb6857828ea1ee008ce7922570a4c314f6530bf0e3dfb8dfbe1d?s=96&d=mm&r=g\",\"caption\":\"hdfree\"},\"sameAs\":[\"https:\/\/hdfree.com.br\/perguntaspermanentes\"],\"url\":\"https:\/\/hdfree.com.br\/perguntaspermanentes\/author\/hdfree\/\"}]}<\/script>\n<!-- \/ Yoast SEO plugin. -->","yoast_head_json":{"title":"Como fazer papinha para bebe de 6 meses - H\u00e1bito Di\u00e1rio Free","robots":{"index":"index","follow":"follow","max-snippet":"max-snippet:-1","max-image-preview":"max-image-preview:large","max-video-preview":"max-video-preview:-1"},"canonical":"https:\/\/hdfree.com.br\/perguntaspermanentes\/como-fazer-papinha-para-bebe-de-6-meses\/","og_locale":"pt_BR","og_type":"article","og_title":"Como fazer papinha para bebe de 6 meses - H\u00e1bito Di\u00e1rio Free","og_description":"O que dar de papinha para o beb\u00ea de 6 meses? Assim, a alimenta\u00e7\u00e3o do beb\u00ea aos 6 meses deve incluir papas de frutas amassadas ....","og_url":"https:\/\/hdfree.com.br\/perguntaspermanentes\/como-fazer-papinha-para-bebe-de-6-meses\/","og_site_name":"H\u00e1bito Di\u00e1rio Free","article_published_time":"2025-04-21T19:01:10+00:00","author":"hdfree","twitter_card":"summary_large_image","twitter_misc":{"Escrito por":"hdfree","Est. tempo de leitura":"9 minutos"},"schema":{"@context":"https:\/\/schema.org","@graph":[{"@type":"Article","@id":"https:\/\/hdfree.com.br\/perguntaspermanentes\/como-fazer-papinha-para-bebe-de-6-meses\/#article","isPartOf":{"@id":"https:\/\/hdfree.com.br\/perguntaspermanentes\/como-fazer-papinha-para-bebe-de-6-meses\/"},"author":{"name":"hdfree","@id":"https:\/\/hdfree.com.br\/perguntaspermanentes\/#\/schema\/person\/197b7141929b08ba869e2f3980fb6183"},"headline":"Como fazer papinha para bebe de 6 meses","datePublished":"2025-04-21T19:01:10+00:00","mainEntityOfPage":{"@id":"https:\/\/hdfree.com.br\/perguntaspermanentes\/como-fazer-papinha-para-bebe-de-6-meses\/"},"wordCount":1759,"commentCount":0,"publisher":{"@id":"https:\/\/hdfree.com.br\/perguntaspermanentes\/#organization"},"articleSection":["Perguntas Frequentes"],"inLanguage":"pt-BR","potentialAction":[{"@type":"CommentAction","name":"Comment","target":["https:\/\/hdfree.com.br\/perguntaspermanentes\/como-fazer-papinha-para-bebe-de-6-meses\/#respond"]}]},{"@type":"WebPage","@id":"https:\/\/hdfree.com.br\/perguntaspermanentes\/como-fazer-papinha-para-bebe-de-6-meses\/","url":"https:\/\/hdfree.com.br\/perguntaspermanentes\/como-fazer-papinha-para-bebe-de-6-meses\/","name":"Como fazer papinha para bebe de 6 meses - H\u00e1bito Di\u00e1rio Free","isPartOf":{"@id":"https:\/\/hdfree.com.br\/perguntaspermanentes\/#website"},"datePublished":"2025-04-21T19:01:10+00:00","breadcrumb":{"@id":"https:\/\/hdfree.com.br\/perguntaspermanentes\/como-fazer-papinha-para-bebe-de-6-meses\/#breadcrumb"},"inLanguage":"pt-BR","potentialAction":[{"@type":"ReadAction","target":["https:\/\/hdfree.com.br\/perguntaspermanentes\/como-fazer-papinha-para-bebe-de-6-meses\/"]}]},{"@type":"BreadcrumbList","@id":"https:\/\/hdfree.com.br\/perguntaspermanentes\/como-fazer-papinha-para-bebe-de-6-meses\/#breadcrumb","itemListElement":[{"@type":"ListItem","position":1,"name":"In\u00edcio","item":"https:\/\/hdfree.com.br\/perguntaspermanentes\/"},{"@type":"ListItem","position":2,"name":"Como fazer papinha para bebe de 6 meses"}]},{"@type":"WebSite","@id":"https:\/\/hdfree.com.br\/perguntaspermanentes\/#website","url":"https:\/\/hdfree.com.br\/perguntaspermanentes\/","name":"H\u00e1bito Di\u00e1rio Free","description":"Seu site de Not\u00edcias na Web","publisher":{"@id":"https:\/\/hdfree.com.br\/perguntaspermanentes\/#organization"},"potentialAction":[{"@type":"SearchAction","target":{"@type":"EntryPoint","urlTemplate":"https:\/\/hdfree.com.br\/perguntaspermanentes\/?s={search_term_string}"},"query-input":{"@type":"PropertyValueSpecification","valueRequired":true,"valueName":"search_term_string"}}],"inLanguage":"pt-BR"},{"@type":"Organization","@id":"https:\/\/hdfree.com.br\/perguntaspermanentes\/#organization","name":"H\u00e1bito Di\u00e1rio Free","url":"https:\/\/hdfree.com.br\/perguntaspermanentes\/","logo":{"@type":"ImageObject","inLanguage":"pt-BR","@id":"https:\/\/hdfree.com.br\/perguntaspermanentes\/#\/schema\/logo\/image\/","url":"https:\/\/hdfree.com.br\/perguntaspermanentes\/wp-content\/uploads\/2025\/04\/cropped-logo-free-HD-2.png","contentUrl":"https:\/\/hdfree.com.br\/perguntaspermanentes\/wp-content\/uploads\/2025\/04\/cropped-logo-free-HD-2.png","width":100,"height":40,"caption":"H\u00e1bito Di\u00e1rio Free"},"image":{"@id":"https:\/\/hdfree.com.br\/perguntaspermanentes\/#\/schema\/logo\/image\/"}},{"@type":"Person","@id":"https:\/\/hdfree.com.br\/perguntaspermanentes\/#\/schema\/person\/197b7141929b08ba869e2f3980fb6183","name":"hdfree","image":{"@type":"ImageObject","inLanguage":"pt-BR","@id":"https:\/\/hdfree.com.br\/perguntaspermanentes\/#\/schema\/person\/image\/","url":"https:\/\/secure.gravatar.com\/avatar\/53f64a45a0f4fb6857828ea1ee008ce7922570a4c314f6530bf0e3dfb8dfbe1d?s=96&d=mm&r=g","contentUrl":"https:\/\/secure.gravatar.com\/avatar\/53f64a45a0f4fb6857828ea1ee008ce7922570a4c314f6530bf0e3dfb8dfbe1d?s=96&d=mm&r=g","caption":"hdfree"},"sameAs":["https:\/\/hdfree.com.br\/perguntaspermanentes"],"url":"https:\/\/hdfree.com.br\/perguntaspermanentes\/author\/hdfree\/"}]}},"_links":{"self":[{"href":"https:\/\/hdfree.com.br\/perguntaspermanentes\/wp-json\/wp\/v2\/posts\/508","targetHints":{"allow":["GET"]}}],"collection":[{"href":"https:\/\/hdfree.com.br\/perguntaspermanentes\/wp-json\/wp\/v2\/posts"}],"about":[{"href":"https:\/\/hdfree.com.br\/perguntaspermanentes\/wp-json\/wp\/v2\/types\/post"}],"author":[{"embeddable":true,"href":"https:\/\/hdfree.com.br\/perguntaspermanentes\/wp-json\/wp\/v2\/users\/1"}],"replies":[{"embeddable":true,"href":"https:\/\/hdfree.com.br\/perguntaspermanentes\/wp-json\/wp\/v2\/comments?post=508"}],"version-history":[{"count":1,"href":"https:\/\/hdfree.com.br\/perguntaspermanentes\/wp-json\/wp\/v2\/posts\/508\/revisions"}],"predecessor-version":[{"id":509,"href":"https:\/\/hdfree.com.br\/perguntaspermanentes\/wp-json\/wp\/v2\/posts\/508\/revisions\/509"}],"wp:attachment":[{"href":"https:\/\/hdfree.com.br\/perguntaspermanentes\/wp-json\/wp\/v2\/media?parent=508"}],"wp:term":[{"taxonomy":"category","embeddable":true,"href":"https:\/\/hdfree.com.br\/perguntaspermanentes\/wp-json\/wp\/v2\/categories?post=508"},{"taxonomy":"post_tag","embeddable":true,"href":"https:\/\/hdfree.com.br\/perguntaspermanentes\/wp-json\/wp\/v2\/tags?post=508"}],"curies":[{"name":"wp","href":"https:\/\/api.w.org\/{rel}","templated":true}]}}