{"id":672,"date":"2025-04-21T21:22:41","date_gmt":"2025-04-21T21:22:41","guid":{"rendered":"http:\/\/8edbbb57-3a0a-4633-874f-523604985706"},"modified":"2025-04-21T21:22:41","modified_gmt":"2025-04-21T21:22:41","slug":"comer-melancia-a-noite-faz-mal","status":"publish","type":"post","link":"https:\/\/hdfree.com.br\/perguntaspermanentes\/comer-melancia-a-noite-faz-mal\/","title":{"rendered":"Comer melancia a noite faz mal"},"content":{"rendered":"Como a melancia \u00e9 uma fruta rica em \u00e1gua e a\u00e7\u00facar, o organismo leva um pouco mais de tempo para realizar a digest\u00e3o. Por isso, pessoas que j\u00e1 t\u00eam um hist\u00f3rico de problemas estomacais podem sentir um leve desconforto abdominal depois de comer melancia \u00e0 noite.<br \/>\n<div class='article-actions'><span class='report-it'><span class='a' onclick=\"window.open('https:\/\/hdfree.com.br\/perguntaspermanentes\/solicitar-remocao', '_blank')\">Solicita\u00e7\u00e3o de remo\u00e7\u00e3o<\/span><\/span><span class='spacer'>|<\/span><span class='view-url' onclick=\"window.open(reverse('mth.12611a-etion-a-aicnalem-remoc-lam-zaf\/saiciton\/rb.moc.osotsogodut.www\/\/:sptth'), '_blank')\">Veja a resposta completa em www.tudogostoso.com.br<\/span><\/div>\n\n\n\n<h2 class=\"wp-block-heading\">Porque n\u00e3o se pode comer melancia \u00e0 noite?<\/h2>\n\n\n\n<ul class=\"wp-block-list\">\n<li>Comer melancia \u00e0 noite faz mal<\/li>\n<li> Mas, ela tamb\u00e9m \u00e9 rica em \u00e1gua, podendo provocar a noct\u00faria que s\u00e3o as idas frequentes ao banheiro, no per\u00edodo da noite, para urinar. Ir ao banheiro de hora em hora pode comprometer a qualidade do sono, aumentando estresse e mal humor pela manh\u00e3, al\u00e9m de prejudicar a sa\u00fade de modo geral.<\/li>\n<\/ul>\n<div class='article-actions'><span class='report-it'><span class='a' onclick=\"window.open('https:\/\/hdfree.com.br\/perguntaspermanentes\/solicitar-remocao', '_blank')\">Solicita\u00e7\u00e3o de remo\u00e7\u00e3o<\/span><\/span><span class='spacer'>|<\/span><span class='view-url' onclick=\"window.open(reverse('mth.12611a-etion-a-aicnalem-remoc-lam-zaf\/saiciton\/rb.moc.osotsogodut.www\/\/:sptth'), '_blank')\">Veja a resposta completa em www.tudogostoso.com.br<\/span><\/div>\n\n\n\n<h2 class=\"wp-block-heading\">O que acontece se eu comer melancia antes de dormir?<\/h2>\n\n\n<p><\/p>A melancia \u00e9 um alimento que fornece fibras, vitaminas e minerais, e pode ser uma alternativa mais saud\u00e1vel aos lanches noturnos, podendo inclusive contribuir com a redu\u00e7\u00e3o do peso corporal.<br \/>\n<div class='article-actions'><span class='report-it'><span class='a' onclick=\"window.open('https:\/\/hdfree.com.br\/perguntaspermanentes\/solicitar-remocao', '_blank')\">Solicita\u00e7\u00e3o de remo\u00e7\u00e3o<\/span><\/span><span class='spacer'>|<\/span><span class='view-url' onclick=\"window.open(reverse('mth.12611a-etion-a-aicnalem-remoc-lam-zaf\/saiciton\/rb.moc.osotsogodut.www\/\/:sptth'), '_blank')\">Veja a resposta completa em www.tudogostoso.com.br<\/span><\/div>\n\n\n\n<h2 class=\"wp-block-heading\">\u00c9 aconselh\u00e1vel comer melancia \u00e0 noite?<\/h2>\n\n\n<p><\/p>Conclus\u00e3o. Comer melancia \u00e0 noite n\u00e3o \u00e9 prejudicial na maioria dos casos. Na verdade, ela pode ser uma escolha saud\u00e1vel e refrescante como lanche noturno, gra\u00e7as \u00e0 sua composi\u00e7\u00e3o leve e teor de \u00e1gua elevado.<br \/>\n<div class='article-actions'><span class='report-it'><span class='a' onclick=\"window.open('https:\/\/hdfree.com.br\/perguntaspermanentes\/solicitar-remocao', '_blank')\">Solicita\u00e7\u00e3o de remo\u00e7\u00e3o<\/span><\/span><span class='spacer'>|<\/span><span class='view-url' onclick=\"window.open(reverse('mth.12611a-etion-a-aicnalem-remoc-lam-zaf\/saiciton\/rb.moc.osotsogodut.www\/\/:sptth'), '_blank')\">Veja a resposta completa em www.tudogostoso.com.br<\/span><\/div>\n\n\n\n<h2 class=\"wp-block-heading\">Quais s\u00e3o os mitos e verdades sobre a melancia?<\/h2>\n\n\n<p><\/p>\n\n<ul class=\"wp-block-list\">\n<li>\ud83d\udca790% da melancia \u00e9 \u00e1gua. &#8230;<\/li>\n<li>\ud83c\udf49Uma fatia grande ou duas pequenas por dia j\u00e1 s\u00e3o suficientes;<\/li>\n<li>\ud83d\udc40A fruta cont\u00e9m subst\u00e2ncias que ajudam a prevenir doen\u00e7as nos olhos.<\/li>\n<li>\ud83e\ude7aA melancia tem antioxidantes que combatem doen\u00e7as cr\u00f4nicas e degenerativas;<\/li>\n<li>A fruta ainda reduz a acidez do est\u00f4mago e da urina.<\/li>\n<\/ul>\n<div class='article-actions'><span class='report-it'><span class='a' onclick=\"window.open('https:\/\/hdfree.com.br\/perguntaspermanentes\/solicitar-remocao', '_blank')\">Solicita\u00e7\u00e3o de remo\u00e7\u00e3o<\/span><\/span><span class='spacer'>|<\/span><span class='view-url' onclick=\"window.open(reverse('mth.12611a-etion-a-aicnalem-remoc-lam-zaf\/saiciton\/rb.moc.osotsogodut.www\/\/:sptth'), '_blank')\">Veja a resposta completa em www.tudogostoso.com.br<\/span><\/div>\n\n\n\n<h2 class=\"wp-block-heading\">Qual \u00e9 a contraindica\u00e7\u00e3o da melancia?<\/h2>\n\n\n<p><\/p>Al\u00e9m disso, embora raro, algumas pessoas podem desenvolver rea\u00e7\u00f5es al\u00e9rgicas ap\u00f3s o consumo de melancia. O consumo excessivo de melancia pode levar a sintomas desagrad\u00e1veis, como n\u00e1useas, diarreia, incha\u00e7o, m\u00e1-digest\u00e3o e gases, devido \u00e0 presen\u00e7a do licopeno e alta quantidade de fibras.<br \/>\n<div class='article-actions'><span class='report-it'><span class='a' onclick=\"window.open('https:\/\/hdfree.com.br\/perguntaspermanentes\/solicitar-remocao', '_blank')\">Solicita\u00e7\u00e3o de remo\u00e7\u00e3o<\/span><\/span><span class='spacer'>|<\/span><span class='view-url' onclick=\"window.open(reverse('mth.12611a-etion-a-aicnalem-remoc-lam-zaf\/saiciton\/rb.moc.osotsogodut.www\/\/:sptth'), '_blank')\">Veja a resposta completa em www.tudogostoso.com.br<\/span><\/div>\n\n\n\n<h2 class=\"wp-block-heading\">Pode comer melancia e ir deitar?<\/h2>\n\n\n<p><\/p>O organismo pode ter dificuldades para processar a melancia, o que s\u00f3 piora de acordo com a quantidade que ela foi consumida. Outro fato \u00e9 que durante a noite, o recomendado \u00e9 que se espere 2 horas ap\u00f3s comer para poder ir dormir.<br \/>\n<div class='article-actions'><span class='report-it'><span class='a' onclick=\"window.open('https:\/\/hdfree.com.br\/perguntaspermanentes\/solicitar-remocao', '_blank')\">Solicita\u00e7\u00e3o de remo\u00e7\u00e3o<\/span><\/span><span class='spacer'>|<\/span><span class='view-url' onclick=\"window.open(reverse('mth.12611a-etion-a-aicnalem-remoc-lam-zaf\/saiciton\/rb.moc.osotsogodut.www\/\/:sptth'), '_blank')\">Veja a resposta completa em www.tudogostoso.com.br<\/span><\/div>\n\n\n\n<h2 class=\"wp-block-heading\">Quais os benef\u00edcios de comer melancia antes de dormir?<\/h2>\n\nA melancia n\u00e3o possui propriedades relaxantes espec\u00edficas, tampouco apresenta efeito sedativo direto, como alguns ch\u00e1s. No entanto, a hortali\u00e7a pode ser ben\u00e9fica para a rotina noturna, visto que a serotonina produzida com a ajuda da vitamina B6 \u00e9 transformada em melatonina, o horm\u00f4nio do sono.<br \/>\n<div class='article-actions'><span class='report-it'><span class='a' onclick=\"window.open('https:\/\/hdfree.com.br\/perguntaspermanentes\/solicitar-remocao', '_blank')\">Solicita\u00e7\u00e3o de remo\u00e7\u00e3o<\/span><\/span><span class='spacer'>|<\/span><span class='view-url' onclick=\"window.open(reverse('lmthg.aturf-ad-soicifeneb-11-arifnoc-eduas-a-arap-meb-zaf-aicnalem\/60\/3202\/aiciton\/iturfitroh\/arutlucirga\/moc.obolg.larurobolg\/\/:sptth'), '_blank')\">Veja a resposta completa em globorural.globo.com<\/span><\/div>\n\n\n\n<h2 class=\"wp-block-heading\">Quanto tempo depois de comer melancia posso dormir?<\/h2>\n\n\n<p>2 horas<\/p>O organismo pode ter dificuldades para processar a melancia, o que s\u00f3 piora de acordo com a quantidade que ela foi consumida. Outro fato \u00e9 que durante a noite, o recomendado \u00e9 que se espere 2 horas ap\u00f3s comer para poder ir dormir.<br \/>\n<div class='article-actions'><span class='report-it'><span class='a' onclick=\"window.open('https:\/\/hdfree.com.br\/perguntaspermanentes\/solicitar-remocao', '_blank')\">Solicita\u00e7\u00e3o de remo\u00e7\u00e3o<\/span><\/span><span class='spacer'>|<\/span><span class='view-url' onclick=\"window.open(reverse('mth.1858a-osotsogodut-on-arbucsed-etion-a-aicnalem-remoc-edop-oan-euq-rop\/saiciton\/rb.moc.osotsogodut.www\/\/:sptth'), '_blank')\">Veja a resposta completa em www.tudogostoso.com.br<\/span><\/div>\n\n\n\n<h2 class=\"wp-block-heading\">\u00c9 bom comer melancia para dormir?<\/h2>\n\n\n<p><\/p>\n\n<ul class=\"wp-block-list\">\n<li>Comer melancia \u00e0 noite faz mal<\/li>\n<li> Mas, ela tamb\u00e9m \u00e9 rica em \u00e1gua, podendo provocar a noct\u00faria que s\u00e3o as idas frequentes ao banheiro, no per\u00edodo da noite, para urinar. Ir ao banheiro de hora em hora pode comprometer a qualidade do sono, aumentando estresse e mal humor pela manh\u00e3, al\u00e9m de prejudicar a sa\u00fade de modo geral.<\/li>\n<\/ul>\n<div class='article-actions'><span class='report-it'><span class='a' onclick=\"window.open('https:\/\/hdfree.com.br\/perguntaspermanentes\/solicitar-remocao', '_blank')\">Solicita\u00e7\u00e3o de remo\u00e7\u00e3o<\/span><\/span><span class='spacer'>|<\/span><span class='view-url' onclick=\"window.open(reverse('mth.1858a-osotsogodut-on-arbucsed-etion-a-aicnalem-remoc-edop-oan-euq-rop\/saiciton\/rb.moc.osotsogodut.www\/\/:sptth'), '_blank')\">Veja a resposta completa em www.tudogostoso.com.br<\/span><\/div>\n\n\n\n<h2 class=\"wp-block-heading\">Quanto tempo depois de comer melancia pode deitar?<\/h2>\n\n\n<p><\/p>Agora, se voc\u00ea estiver com muito desejo de comer melancia depois da janta, o ideal \u00e9 ingerir um peda\u00e7o pequeno, pelo menos, 2 horas para ir para a cama. Assim, d\u00e1 tempo do corpo eliminar o excesso de l\u00edquido pela urina.<br \/>\n<div class='article-actions'><span class='report-it'><span class='a' onclick=\"window.open('https:\/\/hdfree.com.br\/perguntaspermanentes\/solicitar-remocao', '_blank')\">Solicita\u00e7\u00e3o de remo\u00e7\u00e3o<\/span><\/span><span class='spacer'>|<\/span><span class='view-url' onclick=\"window.open(reverse('mth.1858a-osotsogodut-on-arbucsed-etion-a-aicnalem-remoc-edop-oan-euq-rop\/saiciton\/rb.moc.osotsogodut.www\/\/:sptth'), '_blank')\">Veja a resposta completa em www.tudogostoso.com.br<\/span><\/div>\n\n\n\n<h2 class=\"wp-block-heading\">A melancia \u00e9 dif\u00edcil de digerir?<\/h2>\n\n\n<p><\/p>A melancia causa indigest\u00e3o? MITO! Verdade: A melancia, em geral, \u00e9 facilmente digerida pela maioria das pessoas devido ao seu alto teor de \u00e1gua e fibras, que favorecem a digest\u00e3o, al\u00e9m de auxiliarem no equil\u00edbrio da microbiota intestinal, se consumida adequadamente.<br \/>\n<div class='article-actions'><span class='report-it'><span class='a' onclick=\"window.open('https:\/\/hdfree.com.br\/perguntaspermanentes\/solicitar-remocao', '_blank')\">Solicita\u00e7\u00e3o de remo\u00e7\u00e3o<\/span><\/span><span class='spacer'>|<\/span><span class='view-url' onclick=\"window.open(reverse('mth.1858a-osotsogodut-on-arbucsed-etion-a-aicnalem-remoc-edop-oan-euq-rop\/saiciton\/rb.moc.osotsogodut.www\/\/:sptth'), '_blank')\">Veja a resposta completa em www.tudogostoso.com.br<\/span><\/div>\n\n\n\n<h2 class=\"wp-block-heading\">Quando n\u00e3o se deve comer melancia?<\/h2>\n\nQuais s\u00e3o os malef\u00edcios da melancia? A melancia, quando consumida em quantidades moderadas, n\u00e3o costuma apresentar riscos \u00e0 sa\u00fade. No entanto, devido \u00e0 presen\u00e7a de a\u00e7\u00facar, pessoas diab\u00e9ticas devem ingeri-la de acordo com o seu plano de alimenta\u00e7\u00e3o di\u00e1rio, a fim de evitar poss\u00edveis complica\u00e7\u00f5es para a sa\u00fade.<br \/>\n<div class='article-actions'><span class='report-it'><span class='a' onclick=\"window.open('https:\/\/hdfree.com.br\/perguntaspermanentes\/solicitar-remocao', '_blank')\">Solicita\u00e7\u00e3o de remo\u00e7\u00e3o<\/span><\/span><span class='spacer'>|<\/span><span class='view-url' onclick=\"window.open(reverse('mth.aicnalem\/saturf\/rb.moc.lou.alocselisarb\/\/:sptth'), '_blank')\">Veja a resposta completa em brasilescola.uol.com.br<\/span><\/div>\n\n\n\n<h2 class=\"wp-block-heading\">Quando devo evitar comer melancia?<\/h2>\n\n\n<p><\/p>Quais s\u00e3o os malef\u00edcios da melancia? A melancia, quando consumida em quantidades moderadas, n\u00e3o costuma apresentar riscos \u00e0 sa\u00fade. No entanto, devido \u00e0 presen\u00e7a de a\u00e7\u00facar, pessoas diab\u00e9ticas devem ingeri-la de acordo com o seu plano de alimenta\u00e7\u00e3o di\u00e1rio, a fim de evitar poss\u00edveis complica\u00e7\u00f5es para a sa\u00fade.<br \/>\n<div class='article-actions'><span class='report-it'><span class='a' onclick=\"window.open('https:\/\/hdfree.com.br\/perguntaspermanentes\/solicitar-remocao', '_blank')\">Solicita\u00e7\u00e3o de remo\u00e7\u00e3o<\/span><\/span><span class='spacer'>|<\/span><span class='view-url' onclick=\"window.open(reverse('mth.aicnalem\/saturf\/rb.moc.lou.alocselisarb\/\/:sptth'), '_blank')\">Veja a resposta completa em brasilescola.uol.com.br<\/span><\/div>\n\n\n\n<h2 class=\"wp-block-heading\">Melancia faz bem ou mal para os rins?<\/h2>\n\n\n<p><\/p>A melancia possui grande quantidade de \u00e1gua, o que melhora a sa\u00fade renal. Tamb\u00e9m possui propriedades depurativas, que ajudam a limpar os rins e prevenir infec\u00e7\u00f5es.<br \/>\n<div class='article-actions'><span class='report-it'><span class='a' onclick=\"window.open('https:\/\/hdfree.com.br\/perguntaspermanentes\/solicitar-remocao', '_blank')\">Solicita\u00e7\u00e3o de remo\u00e7\u00e3o<\/span><\/span><span class='spacer'>|<\/span><span class='view-url' onclick=\"window.open(reverse('mth.aicnalem\/saturf\/rb.moc.lou.alocselisarb\/\/:sptth'), '_blank')\">Veja a resposta completa em brasilescola.uol.com.br<\/span><\/div>\n\n\n\n<h2 class=\"wp-block-heading\">Qual fruta n\u00e3o se pode comer \u00e0 noite?<\/h2>\n\nManga e uvas: Embora deliciosas, s\u00e3o mais ricas em a\u00e7\u00facares naturais, o que pode impactar o controle glic\u00eamico para quem monitoriza a ingest\u00e3o de a\u00e7\u00facar. Melancia: Com alto teor de \u00e1gua, pode levar a frequentes idas ao banheiro durante a noite. Frutas c\u00edtricas: Podem causar azia ou refluxo em indiv\u00edduos sens\u00edveis.<br \/>\n<div class='article-actions'><span class='report-it'><span class='a' onclick=\"window.open('https:\/\/hdfree.com.br\/perguntaspermanentes\/solicitar-remocao', '_blank')\">Solicita\u00e7\u00e3o de remo\u00e7\u00e3o<\/span><\/span><span class='spacer'>|<\/span><span class='view-url' onclick=\"window.open(reverse('lmth.7ylep9ty9fd4d199cb537517e7b3cf56d29eec9a,rative-arap-uo-ravitluc-arap-otibah-mu-etion-a-saturf-remoc\/atsuged\/olitse-e-adiv\/rb.moc.arret.www\/\/:sptth'), '_blank')\">Veja a resposta completa em www.terra.com.br<\/span><\/div>\n\n\n\n<h2 class=\"wp-block-heading\">Qual fruta \u00e9 bom comer antes de dormir?<\/h2>\n\n\n<p><\/p>Banana : \u00e9 fonte de importantes nutrientes, como o pot\u00e1ssio, magn\u00e9sio e o triptofano. &#8220;Juntos, eles podem auxiliar no relaxamento e consequentemente na indu\u00e7\u00e3o do sono&#8221;, diz a nutricionista Priscila Moreira. Para o lanche, voc\u00ea pode acrescentar aveia, pois \u00e9 um cereal rico em nutrientes e mais uma fonte de triptofano.<br \/>\n<div class='article-actions'><span class='report-it'><span class='a' onclick=\"window.open('https:\/\/hdfree.com.br\/perguntaspermanentes\/solicitar-remocao', '_blank')\">Solicita\u00e7\u00e3o de remo\u00e7\u00e3o<\/span><\/span><span class='spacer'>|<\/span><span class='view-url' onclick=\"window.open(reverse('lmth.7ylep9ty9fd4d199cb537517e7b3cf56d29eec9a,rative-arap-uo-ravitluc-arap-otibah-mu-etion-a-saturf-remoc\/atsuged\/olitse-e-adiv\/rb.moc.arret.www\/\/:sptth'), '_blank')\">Veja a resposta completa em www.terra.com.br<\/span><\/div>\n\n\n\n<h2 class=\"wp-block-heading\">Quais frutas devo evitar comer \u00e0 noite?<\/h2>\n\n\n<p><\/p>As frutas c\u00edtricas, como laranja, lim\u00e3o e tangerina, s\u00e3o ricas em vitamina C e \u00e1cidos naturais. Embora esses nutrientes sejam ben\u00e9ficos, seu consumo noturno pode causar desconforto estomacal e azia em algumas pessoas, devido \u00e0 sua acidez elevada.<br \/>\n<div class='article-actions'><span class='report-it'><span class='a' onclick=\"window.open('https:\/\/hdfree.com.br\/perguntaspermanentes\/solicitar-remocao', '_blank')\">Solicita\u00e7\u00e3o de remo\u00e7\u00e3o<\/span><\/span><span class='spacer'>|<\/span><span class='view-url' onclick=\"window.open(reverse('lmth.7ylep9ty9fd4d199cb537517e7b3cf56d29eec9a,rative-arap-uo-ravitluc-arap-otibah-mu-etion-a-saturf-remoc\/atsuged\/olitse-e-adiv\/rb.moc.arret.www\/\/:sptth'), '_blank')\">Veja a resposta completa em www.terra.com.br<\/span><\/div>\n\n\n\n<h2 class=\"wp-block-heading\">Quais frutas tiram o sono?<\/h2>\n\n\n<p><\/p>Banana. Al\u00e9m de todos os benef\u00edcios que ela oferece, a banana ajuda a manter a glicose est\u00e1vel e ameniza a digest\u00e3o, que demanda muito da sua energia. Ela tamb\u00e9m possui subst\u00e2ncias que ajudam a controlar o sono e o humor, al\u00e9m de prevenir dist\u00farbios emocionais.<br \/>\n<div class='article-actions'><span class='report-it'><span class='a' onclick=\"window.open('https:\/\/hdfree.com.br\/perguntaspermanentes\/solicitar-remocao', '_blank')\">Solicita\u00e7\u00e3o de remo\u00e7\u00e3o<\/span><\/span><span class='spacer'>|<\/span><span class='view-url' onclick=\"window.open(reverse('lmth.7ylep9ty9fd4d199cb537517e7b3cf56d29eec9a,rative-arap-uo-ravitluc-arap-otibah-mu-etion-a-saturf-remoc\/atsuged\/olitse-e-adiv\/rb.moc.arret.www\/\/:sptth'), '_blank')\">Veja a resposta completa em www.terra.com.br<\/span><\/div>\n\n\n\n<h2 class=\"wp-block-heading\">Quais frutas comer no jantar?<\/h2>\n\n\n<p><\/p>As frutas podem ser acrecentadas ao jantar. Algumas op\u00e7\u00f5es s\u00e3o: ma\u00e7\u00e3, abacaxi, mam\u00e3o, mel\u00e3o, laranja e abacate. Voc\u00ea pode adicionar uma fonte de fibra, como aveia, linha\u00e7a, chia ou amaranto.<br \/>\n<div class='article-actions'><span class='report-it'><span class='a' onclick=\"window.open('https:\/\/hdfree.com.br\/perguntaspermanentes\/solicitar-remocao', '_blank')\">Solicita\u00e7\u00e3o de remo\u00e7\u00e3o<\/span><\/span><span class='spacer'>|<\/span><span class='view-url' onclick=\"window.open(reverse('lmth.7ylep9ty9fd4d199cb537517e7b3cf56d29eec9a,rative-arap-uo-ravitluc-arap-otibah-mu-etion-a-saturf-remoc\/atsuged\/olitse-e-adiv\/rb.moc.arret.www\/\/:sptth'), '_blank')\">Veja a resposta completa em www.terra.com.br<\/span><\/div>\n\n\n\n<h2 class=\"wp-block-heading\">Qual fruta ajuda a dormir melhor?<\/h2>\n\n\n<p><\/p>Bananas. A fruta \u00e9 rica em pot\u00e1ssio, um mineral que \u00e9 essencial para ter uma noite profunda de sono. Bananas tamb\u00e9m cont\u00eam triptofano e magn\u00e9sio, fazendo com que essa fruta funcione como um sedativo natural.<br \/>\n<div class='article-actions'><span class='report-it'><span class='a' onclick=\"window.open('https:\/\/hdfree.com.br\/perguntaspermanentes\/solicitar-remocao', '_blank')\">Solicita\u00e7\u00e3o de remo\u00e7\u00e3o<\/span><\/span><span class='spacer'>|<\/span><span class='view-url' onclick=\"window.open(reverse('lmth.7ylep9ty9fd4d199cb537517e7b3cf56d29eec9a,rative-arap-uo-ravitluc-arap-otibah-mu-etion-a-saturf-remoc\/atsuged\/olitse-e-adiv\/rb.moc.arret.www\/\/:sptth'), '_blank')\">Veja a resposta completa em www.terra.com.br<\/span><\/div>\n\n\n\n<h2 class=\"wp-block-heading\">O que n\u00e3o se deve comer antes de dormir?<\/h2>\n\n\n<p><\/p>&#8211; Caf\u00e9 &#8211; O caf\u00e9 e todas as bebidas que contenham cafeina, como o red bull ou a coca-cola, devem ser evitadas quando o objectivo \u00e9 o descanso. As pessoas respondem de forma diferente aos efeitos da cafe\u00edna, mas \u00e9 mais comum o efeito estimulante pelo que \u00e9 m\u00e1 ideia o seu consumo na hora de deitar.<br \/>\n<div class='article-actions'><span class='report-it'><span class='a' onclick=\"window.open('https:\/\/hdfree.com.br\/perguntaspermanentes\/solicitar-remocao', '_blank')\">Solicita\u00e7\u00e3o de remo\u00e7\u00e3o<\/span><\/span><span class='spacer'>|<\/span><span class='view-url' onclick=\"window.open(reverse('lmth.7ylep9ty9fd4d199cb537517e7b3cf56d29eec9a,rative-arap-uo-ravitluc-arap-otibah-mu-etion-a-saturf-remoc\/atsuged\/olitse-e-adiv\/rb.moc.arret.www\/\/:sptth'), '_blank')\">Veja a resposta completa em www.terra.com.br<\/span><\/div>\n\n\n\n<h2 class=\"wp-block-heading\">Porque melancia incha a barriga?<\/h2>\n\nMelancia ajuda a &#8220;desinchar&#8221; o corpo. &#8220;Nenhum alimento sozinho tem o poder de desinchar a barriga, mas a melancia por ser um alimento composto de 90% de \u00e1gua tem um efeito mais diur\u00e9tico sobre nosso corpo.<br \/>\n<div class='article-actions'><span class='report-it'><span class='a' onclick=\"window.open('https:\/\/hdfree.com.br\/perguntaspermanentes\/solicitar-remocao', '_blank')\">Solicita\u00e7\u00e3o de remo\u00e7\u00e3o<\/span><\/span><span class='spacer'>|<\/span><span class='view-url' onclick=\"window.open(reverse('lmth.998kz6yc0f74d3839d714bd16de325ae406a9b8f,aturf-a-rimusnoc-arap-setnedneerprus-sovitom-4-aicnalem-ad-soicifeneb\/olitse-e-adiv\/rb.moc.arret.www\/\/:sptth'), '_blank')\">Veja a resposta completa em www.terra.com.br<\/span><\/div>\n\n\n\n<h2 class=\"wp-block-heading\">Como melancia e fico com a barriga inchada?<\/h2>\n\n\n<p><\/p>\n\n<ul class=\"wp-block-list\">\n<li>Frutas que causam gases<\/li>\n<li> Algumas frutas estimulam a alta produ\u00e7\u00e3o de gases no est\u00f4mago, como ma\u00e7\u00e3, p\u00eara, p\u00eassego, manga, melancia, cereja e nectarina\u2078.<\/li>\n<\/ul>\n<div class='article-actions'><span class='report-it'><span class='a' onclick=\"window.open('https:\/\/hdfree.com.br\/perguntaspermanentes\/solicitar-remocao', '_blank')\">Solicita\u00e7\u00e3o de remo\u00e7\u00e3o<\/span><\/span><span class='spacer'>|<\/span><span class='view-url' onclick=\"window.open(reverse('lmth.998kz6yc0f74d3839d714bd16de325ae406a9b8f,aturf-a-rimusnoc-arap-setnedneerprus-sovitom-4-aicnalem-ad-soicifeneb\/olitse-e-adiv\/rb.moc.arret.www\/\/:sptth'), '_blank')\">Veja a resposta completa em www.terra.com.br<\/span><\/div>\n\n\n\n<h2 class=\"wp-block-heading\">Por que a melancia incha a barriga?<\/h2>\n\n\n<p><\/p>O consumo excessivo de melancia pode levar a sintomas desagrad\u00e1veis, como n\u00e1useas, diarreia, incha\u00e7o, m\u00e1-digest\u00e3o e gases, devido \u00e0 presen\u00e7a do licopeno e alta quantidade de fibras.<br \/>\n<div class='article-actions'><span class='report-it'><span class='a' onclick=\"window.open('https:\/\/hdfree.com.br\/perguntaspermanentes\/solicitar-remocao', '_blank')\">Solicita\u00e7\u00e3o de remo\u00e7\u00e3o<\/span><\/span><span class='spacer'>|<\/span><span class='view-url' onclick=\"window.open(reverse('lmth.998kz6yc0f74d3839d714bd16de325ae406a9b8f,aturf-a-rimusnoc-arap-setnedneerprus-sovitom-4-aicnalem-ad-soicifeneb\/olitse-e-adiv\/rb.moc.arret.www\/\/:sptth'), '_blank')\">Veja a resposta completa em www.terra.com.br<\/span><\/div>\n\n\n\n<h2 class=\"wp-block-heading\">Por que a melancia estufa?<\/h2>\n\n\n<p><\/p>O sabor superdocinho e refrescante \u00e9 uma del\u00edcia. Mas \u00e9 justamente isso que demonstra a alta quantidade de frutose que ela cont\u00e9m. \u201cAl\u00e9m disso, a melancia possui fibras insol\u00faveis que geram movimentos intestinais, causando desconfortos abdominais e incha\u00e7os \u201d, diz Tha\u00eds.<br \/>\n<div class='article-actions'><span class='report-it'><span class='a' onclick=\"window.open('https:\/\/hdfree.com.br\/perguntaspermanentes\/solicitar-remocao', '_blank')\">Solicita\u00e7\u00e3o de remo\u00e7\u00e3o<\/span><\/span><span class='spacer'>|<\/span><span class='view-url' onclick=\"window.open(reverse('lmth.998kz6yc0f74d3839d714bd16de325ae406a9b8f,aturf-a-rimusnoc-arap-setnedneerprus-sovitom-4-aicnalem-ad-soicifeneb\/olitse-e-adiv\/rb.moc.arret.www\/\/:sptth'), '_blank')\">Veja a resposta completa em www.terra.com.br<\/span><\/div>\n\n\n\n<h2 class=\"wp-block-heading\">Qual fruta causa incha\u00e7o na barriga?<\/h2>\n\n\n<p><\/p>\n\n<ul class=\"wp-block-list\">\n<li>Alimentos que causam barriga inchada<\/li>\n<li> Frutas como banana, goiaba, melancia, mel\u00e3o e uva ; Leite e derivados (especialmente se existe alguma intoler\u00e2ncia alimentar);<\/li>\n<\/ul>\n<div class='article-actions'><span class='report-it'><span class='a' onclick=\"window.open('https:\/\/hdfree.com.br\/perguntaspermanentes\/solicitar-remocao', '_blank')\">Solicita\u00e7\u00e3o de remo\u00e7\u00e3o<\/span><\/span><span class='spacer'>|<\/span><span class='view-url' onclick=\"window.open(reverse('lmth.998kz6yc0f74d3839d714bd16de325ae406a9b8f,aturf-a-rimusnoc-arap-setnedneerprus-sovitom-4-aicnalem-ad-soicifeneb\/olitse-e-adiv\/rb.moc.arret.www\/\/:sptth'), '_blank')\">Veja a resposta completa em www.terra.com.br<\/span><\/div>\n\n\n\n<h2 class=\"wp-block-heading\">A melancia enche a barriga?<\/h2>\n\n\n<p><\/p>\n\n<ul class=\"wp-block-list\">\n<li>Ajuda a emagrecer<\/li>\n<li> &#8220;A melancia \u00e9 um alimento de baixa densidade cal\u00f3rica, rica em \u00e1gua e fonte micronutrientes, como vitamina A, C, magn\u00e9sio, f\u00f3sforo e pot\u00e1ssio. Podendo ser uma aliada para compor dietas com restri\u00e7\u00e3o cal\u00f3rica.<\/li>\n<\/ul>\n<div class='article-actions'><span class='report-it'><span class='a' onclick=\"window.open('https:\/\/hdfree.com.br\/perguntaspermanentes\/solicitar-remocao', '_blank')\">Solicita\u00e7\u00e3o de remo\u00e7\u00e3o<\/span><\/span><span class='spacer'>|<\/span><span class='view-url' onclick=\"window.open(reverse('lmth.998kz6yc0f74d3839d714bd16de325ae406a9b8f,aturf-a-rimusnoc-arap-setnedneerprus-sovitom-4-aicnalem-ad-soicifeneb\/olitse-e-adiv\/rb.moc.arret.www\/\/:sptth'), '_blank')\">Veja a resposta completa em www.terra.com.br<\/span><\/div>\n\n\n\n<h2 class=\"wp-block-heading\">O que \u00e9 bom para tirar o estufamento da barriga?<\/h2>\n\n\n<p><\/p>No caso de ch\u00e1s, camomila, gengibre, a\u00e7afr\u00e3o e erva-doce podem ajudar a aliviar a condi\u00e7\u00e3o de sa\u00fade. Eles tamb\u00e9m podem ajudar na digest\u00e3o. J\u00e1 o ch\u00e1 de dente-de-le\u00e3o pode ajudar a diminuir a reten\u00e7\u00e3o de l\u00edquidos.<br \/>\n<div class='article-actions'><span class='report-it'><span class='a' onclick=\"window.open('https:\/\/hdfree.com.br\/perguntaspermanentes\/solicitar-remocao', '_blank')\">Solicita\u00e7\u00e3o de remo\u00e7\u00e3o<\/span><\/span><span class='spacer'>|<\/span><span class='view-url' onclick=\"window.open(reverse('lmth.998kz6yc0f74d3839d714bd16de325ae406a9b8f,aturf-a-rimusnoc-arap-setnedneerprus-sovitom-4-aicnalem-ad-soicifeneb\/olitse-e-adiv\/rb.moc.arret.www\/\/:sptth'), '_blank')\">Veja a resposta completa em www.terra.com.br<\/span><\/div>\n\n","protected":false},"excerpt":{"rendered":"<p>Como a melancia \u00e9 uma fruta rica em \u00e1gua e a\u00e7\u00facar, o organismo leva um pouco mais de tempo para realizar a digest\u00e3o. Por isso, &#8230;. <\/p>\n","protected":false},"author":1,"featured_media":0,"comment_status":"open","ping_status":"closed","sticky":false,"template":"","format":"standard","meta":{"footnotes":""},"categories":[2],"tags":[],"class_list":["post-672","post","type-post","status-publish","format-standard","hentry","category-perguntas-frequentes"],"yoast_head":"<!-- This site is optimized with the Yoast SEO plugin v25.3.1 - https:\/\/yoast.com\/wordpress\/plugins\/seo\/ -->\n<title>Comer melancia a noite faz mal - H\u00e1bito Di\u00e1rio Free<\/title>\n<meta name=\"robots\" content=\"index, follow, max-snippet:-1, max-image-preview:large, max-video-preview:-1\" \/>\n<link rel=\"canonical\" href=\"https:\/\/hdfree.com.br\/perguntaspermanentes\/comer-melancia-a-noite-faz-mal\/\" \/>\n<meta property=\"og:locale\" content=\"pt_BR\" \/>\n<meta property=\"og:type\" content=\"article\" \/>\n<meta property=\"og:title\" content=\"Comer melancia a noite faz mal - H\u00e1bito Di\u00e1rio Free\" \/>\n<meta property=\"og:description\" content=\"Como a melancia \u00e9 uma fruta rica em \u00e1gua e a\u00e7\u00facar, o organismo leva um pouco mais de tempo para realizar a digest\u00e3o. Por isso, ....\" \/>\n<meta property=\"og:url\" content=\"https:\/\/hdfree.com.br\/perguntaspermanentes\/comer-melancia-a-noite-faz-mal\/\" \/>\n<meta property=\"og:site_name\" content=\"H\u00e1bito Di\u00e1rio Free\" \/>\n<meta property=\"article:published_time\" content=\"2025-04-21T21:22:41+00:00\" \/>\n<meta name=\"author\" content=\"hdfree\" \/>\n<meta name=\"twitter:card\" content=\"summary_large_image\" \/>\n<meta name=\"twitter:label1\" content=\"Escrito por\" \/>\n\t<meta name=\"twitter:data1\" content=\"hdfree\" \/>\n\t<meta name=\"twitter:label2\" content=\"Est. tempo de leitura\" \/>\n\t<meta name=\"twitter:data2\" content=\"10 minutos\" \/>\n<script type=\"application\/ld+json\" class=\"yoast-schema-graph\">{\"@context\":\"https:\/\/schema.org\",\"@graph\":[{\"@type\":\"Article\",\"@id\":\"https:\/\/hdfree.com.br\/perguntaspermanentes\/comer-melancia-a-noite-faz-mal\/#article\",\"isPartOf\":{\"@id\":\"https:\/\/hdfree.com.br\/perguntaspermanentes\/comer-melancia-a-noite-faz-mal\/\"},\"author\":{\"name\":\"hdfree\",\"@id\":\"https:\/\/hdfree.com.br\/perguntaspermanentes\/#\/schema\/person\/197b7141929b08ba869e2f3980fb6183\"},\"headline\":\"Comer melancia a noite faz mal\",\"datePublished\":\"2025-04-21T21:22:41+00:00\",\"mainEntityOfPage\":{\"@id\":\"https:\/\/hdfree.com.br\/perguntaspermanentes\/comer-melancia-a-noite-faz-mal\/\"},\"wordCount\":1949,\"commentCount\":0,\"publisher\":{\"@id\":\"https:\/\/hdfree.com.br\/perguntaspermanentes\/#organization\"},\"articleSection\":[\"Perguntas Frequentes\"],\"inLanguage\":\"pt-BR\",\"potentialAction\":[{\"@type\":\"CommentAction\",\"name\":\"Comment\",\"target\":[\"https:\/\/hdfree.com.br\/perguntaspermanentes\/comer-melancia-a-noite-faz-mal\/#respond\"]}]},{\"@type\":\"WebPage\",\"@id\":\"https:\/\/hdfree.com.br\/perguntaspermanentes\/comer-melancia-a-noite-faz-mal\/\",\"url\":\"https:\/\/hdfree.com.br\/perguntaspermanentes\/comer-melancia-a-noite-faz-mal\/\",\"name\":\"Comer melancia a noite faz mal - H\u00e1bito Di\u00e1rio Free\",\"isPartOf\":{\"@id\":\"https:\/\/hdfree.com.br\/perguntaspermanentes\/#website\"},\"datePublished\":\"2025-04-21T21:22:41+00:00\",\"breadcrumb\":{\"@id\":\"https:\/\/hdfree.com.br\/perguntaspermanentes\/comer-melancia-a-noite-faz-mal\/#breadcrumb\"},\"inLanguage\":\"pt-BR\",\"potentialAction\":[{\"@type\":\"ReadAction\",\"target\":[\"https:\/\/hdfree.com.br\/perguntaspermanentes\/comer-melancia-a-noite-faz-mal\/\"]}]},{\"@type\":\"BreadcrumbList\",\"@id\":\"https:\/\/hdfree.com.br\/perguntaspermanentes\/comer-melancia-a-noite-faz-mal\/#breadcrumb\",\"itemListElement\":[{\"@type\":\"ListItem\",\"position\":1,\"name\":\"In\u00edcio\",\"item\":\"https:\/\/hdfree.com.br\/perguntaspermanentes\/\"},{\"@type\":\"ListItem\",\"position\":2,\"name\":\"Comer melancia a noite faz mal\"}]},{\"@type\":\"WebSite\",\"@id\":\"https:\/\/hdfree.com.br\/perguntaspermanentes\/#website\",\"url\":\"https:\/\/hdfree.com.br\/perguntaspermanentes\/\",\"name\":\"H\u00e1bito Di\u00e1rio Free\",\"description\":\"Seu site de Not\u00edcias na Web\",\"publisher\":{\"@id\":\"https:\/\/hdfree.com.br\/perguntaspermanentes\/#organization\"},\"potentialAction\":[{\"@type\":\"SearchAction\",\"target\":{\"@type\":\"EntryPoint\",\"urlTemplate\":\"https:\/\/hdfree.com.br\/perguntaspermanentes\/?s={search_term_string}\"},\"query-input\":{\"@type\":\"PropertyValueSpecification\",\"valueRequired\":true,\"valueName\":\"search_term_string\"}}],\"inLanguage\":\"pt-BR\"},{\"@type\":\"Organization\",\"@id\":\"https:\/\/hdfree.com.br\/perguntaspermanentes\/#organization\",\"name\":\"H\u00e1bito Di\u00e1rio Free\",\"url\":\"https:\/\/hdfree.com.br\/perguntaspermanentes\/\",\"logo\":{\"@type\":\"ImageObject\",\"inLanguage\":\"pt-BR\",\"@id\":\"https:\/\/hdfree.com.br\/perguntaspermanentes\/#\/schema\/logo\/image\/\",\"url\":\"https:\/\/hdfree.com.br\/perguntaspermanentes\/wp-content\/uploads\/2025\/04\/cropped-logo-free-HD-2.png\",\"contentUrl\":\"https:\/\/hdfree.com.br\/perguntaspermanentes\/wp-content\/uploads\/2025\/04\/cropped-logo-free-HD-2.png\",\"width\":100,\"height\":40,\"caption\":\"H\u00e1bito Di\u00e1rio Free\"},\"image\":{\"@id\":\"https:\/\/hdfree.com.br\/perguntaspermanentes\/#\/schema\/logo\/image\/\"}},{\"@type\":\"Person\",\"@id\":\"https:\/\/hdfree.com.br\/perguntaspermanentes\/#\/schema\/person\/197b7141929b08ba869e2f3980fb6183\",\"name\":\"hdfree\",\"image\":{\"@type\":\"ImageObject\",\"inLanguage\":\"pt-BR\",\"@id\":\"https:\/\/hdfree.com.br\/perguntaspermanentes\/#\/schema\/person\/image\/\",\"url\":\"https:\/\/secure.gravatar.com\/avatar\/53f64a45a0f4fb6857828ea1ee008ce7922570a4c314f6530bf0e3dfb8dfbe1d?s=96&d=mm&r=g\",\"contentUrl\":\"https:\/\/secure.gravatar.com\/avatar\/53f64a45a0f4fb6857828ea1ee008ce7922570a4c314f6530bf0e3dfb8dfbe1d?s=96&d=mm&r=g\",\"caption\":\"hdfree\"},\"sameAs\":[\"https:\/\/hdfree.com.br\/perguntaspermanentes\"],\"url\":\"https:\/\/hdfree.com.br\/perguntaspermanentes\/author\/hdfree\/\"}]}<\/script>\n<!-- \/ Yoast SEO plugin. -->","yoast_head_json":{"title":"Comer melancia a noite faz mal - H\u00e1bito Di\u00e1rio Free","robots":{"index":"index","follow":"follow","max-snippet":"max-snippet:-1","max-image-preview":"max-image-preview:large","max-video-preview":"max-video-preview:-1"},"canonical":"https:\/\/hdfree.com.br\/perguntaspermanentes\/comer-melancia-a-noite-faz-mal\/","og_locale":"pt_BR","og_type":"article","og_title":"Comer melancia a noite faz mal - H\u00e1bito Di\u00e1rio Free","og_description":"Como a melancia \u00e9 uma fruta rica em \u00e1gua e a\u00e7\u00facar, o organismo leva um pouco mais de tempo para realizar a digest\u00e3o. Por isso, ....","og_url":"https:\/\/hdfree.com.br\/perguntaspermanentes\/comer-melancia-a-noite-faz-mal\/","og_site_name":"H\u00e1bito Di\u00e1rio Free","article_published_time":"2025-04-21T21:22:41+00:00","author":"hdfree","twitter_card":"summary_large_image","twitter_misc":{"Escrito por":"hdfree","Est. tempo de leitura":"10 minutos"},"schema":{"@context":"https:\/\/schema.org","@graph":[{"@type":"Article","@id":"https:\/\/hdfree.com.br\/perguntaspermanentes\/comer-melancia-a-noite-faz-mal\/#article","isPartOf":{"@id":"https:\/\/hdfree.com.br\/perguntaspermanentes\/comer-melancia-a-noite-faz-mal\/"},"author":{"name":"hdfree","@id":"https:\/\/hdfree.com.br\/perguntaspermanentes\/#\/schema\/person\/197b7141929b08ba869e2f3980fb6183"},"headline":"Comer melancia a noite faz mal","datePublished":"2025-04-21T21:22:41+00:00","mainEntityOfPage":{"@id":"https:\/\/hdfree.com.br\/perguntaspermanentes\/comer-melancia-a-noite-faz-mal\/"},"wordCount":1949,"commentCount":0,"publisher":{"@id":"https:\/\/hdfree.com.br\/perguntaspermanentes\/#organization"},"articleSection":["Perguntas Frequentes"],"inLanguage":"pt-BR","potentialAction":[{"@type":"CommentAction","name":"Comment","target":["https:\/\/hdfree.com.br\/perguntaspermanentes\/comer-melancia-a-noite-faz-mal\/#respond"]}]},{"@type":"WebPage","@id":"https:\/\/hdfree.com.br\/perguntaspermanentes\/comer-melancia-a-noite-faz-mal\/","url":"https:\/\/hdfree.com.br\/perguntaspermanentes\/comer-melancia-a-noite-faz-mal\/","name":"Comer melancia a noite faz mal - H\u00e1bito Di\u00e1rio Free","isPartOf":{"@id":"https:\/\/hdfree.com.br\/perguntaspermanentes\/#website"},"datePublished":"2025-04-21T21:22:41+00:00","breadcrumb":{"@id":"https:\/\/hdfree.com.br\/perguntaspermanentes\/comer-melancia-a-noite-faz-mal\/#breadcrumb"},"inLanguage":"pt-BR","potentialAction":[{"@type":"ReadAction","target":["https:\/\/hdfree.com.br\/perguntaspermanentes\/comer-melancia-a-noite-faz-mal\/"]}]},{"@type":"BreadcrumbList","@id":"https:\/\/hdfree.com.br\/perguntaspermanentes\/comer-melancia-a-noite-faz-mal\/#breadcrumb","itemListElement":[{"@type":"ListItem","position":1,"name":"In\u00edcio","item":"https:\/\/hdfree.com.br\/perguntaspermanentes\/"},{"@type":"ListItem","position":2,"name":"Comer melancia a noite faz mal"}]},{"@type":"WebSite","@id":"https:\/\/hdfree.com.br\/perguntaspermanentes\/#website","url":"https:\/\/hdfree.com.br\/perguntaspermanentes\/","name":"H\u00e1bito Di\u00e1rio Free","description":"Seu site de Not\u00edcias na Web","publisher":{"@id":"https:\/\/hdfree.com.br\/perguntaspermanentes\/#organization"},"potentialAction":[{"@type":"SearchAction","target":{"@type":"EntryPoint","urlTemplate":"https:\/\/hdfree.com.br\/perguntaspermanentes\/?s={search_term_string}"},"query-input":{"@type":"PropertyValueSpecification","valueRequired":true,"valueName":"search_term_string"}}],"inLanguage":"pt-BR"},{"@type":"Organization","@id":"https:\/\/hdfree.com.br\/perguntaspermanentes\/#organization","name":"H\u00e1bito Di\u00e1rio Free","url":"https:\/\/hdfree.com.br\/perguntaspermanentes\/","logo":{"@type":"ImageObject","inLanguage":"pt-BR","@id":"https:\/\/hdfree.com.br\/perguntaspermanentes\/#\/schema\/logo\/image\/","url":"https:\/\/hdfree.com.br\/perguntaspermanentes\/wp-content\/uploads\/2025\/04\/cropped-logo-free-HD-2.png","contentUrl":"https:\/\/hdfree.com.br\/perguntaspermanentes\/wp-content\/uploads\/2025\/04\/cropped-logo-free-HD-2.png","width":100,"height":40,"caption":"H\u00e1bito Di\u00e1rio Free"},"image":{"@id":"https:\/\/hdfree.com.br\/perguntaspermanentes\/#\/schema\/logo\/image\/"}},{"@type":"Person","@id":"https:\/\/hdfree.com.br\/perguntaspermanentes\/#\/schema\/person\/197b7141929b08ba869e2f3980fb6183","name":"hdfree","image":{"@type":"ImageObject","inLanguage":"pt-BR","@id":"https:\/\/hdfree.com.br\/perguntaspermanentes\/#\/schema\/person\/image\/","url":"https:\/\/secure.gravatar.com\/avatar\/53f64a45a0f4fb6857828ea1ee008ce7922570a4c314f6530bf0e3dfb8dfbe1d?s=96&d=mm&r=g","contentUrl":"https:\/\/secure.gravatar.com\/avatar\/53f64a45a0f4fb6857828ea1ee008ce7922570a4c314f6530bf0e3dfb8dfbe1d?s=96&d=mm&r=g","caption":"hdfree"},"sameAs":["https:\/\/hdfree.com.br\/perguntaspermanentes"],"url":"https:\/\/hdfree.com.br\/perguntaspermanentes\/author\/hdfree\/"}]}},"_links":{"self":[{"href":"https:\/\/hdfree.com.br\/perguntaspermanentes\/wp-json\/wp\/v2\/posts\/672","targetHints":{"allow":["GET"]}}],"collection":[{"href":"https:\/\/hdfree.com.br\/perguntaspermanentes\/wp-json\/wp\/v2\/posts"}],"about":[{"href":"https:\/\/hdfree.com.br\/perguntaspermanentes\/wp-json\/wp\/v2\/types\/post"}],"author":[{"embeddable":true,"href":"https:\/\/hdfree.com.br\/perguntaspermanentes\/wp-json\/wp\/v2\/users\/1"}],"replies":[{"embeddable":true,"href":"https:\/\/hdfree.com.br\/perguntaspermanentes\/wp-json\/wp\/v2\/comments?post=672"}],"version-history":[{"count":1,"href":"https:\/\/hdfree.com.br\/perguntaspermanentes\/wp-json\/wp\/v2\/posts\/672\/revisions"}],"predecessor-version":[{"id":673,"href":"https:\/\/hdfree.com.br\/perguntaspermanentes\/wp-json\/wp\/v2\/posts\/672\/revisions\/673"}],"wp:attachment":[{"href":"https:\/\/hdfree.com.br\/perguntaspermanentes\/wp-json\/wp\/v2\/media?parent=672"}],"wp:term":[{"taxonomy":"category","embeddable":true,"href":"https:\/\/hdfree.com.br\/perguntaspermanentes\/wp-json\/wp\/v2\/categories?post=672"},{"taxonomy":"post_tag","embeddable":true,"href":"https:\/\/hdfree.com.br\/perguntaspermanentes\/wp-json\/wp\/v2\/tags?post=672"}],"curies":[{"name":"wp","href":"https:\/\/api.w.org\/{rel}","templated":true}]}}